{"id":60725,"date":"2023-11-08T06:40:04","date_gmt":"2023-11-08T10:40:04","guid":{"rendered":"https:\/\/jms.com.bo\/mediamonitor\/2023\/11\/08\/aun-no-hay-acuerdo-para-el-uso-de-la-biotecnologia-productores-aguardan-resultados-este-mes\/"},"modified":"2023-11-08T06:40:04","modified_gmt":"2023-11-08T10:40:04","slug":"aun-no-hay-acuerdo-para-el-uso-de-la-biotecnologia-productores-aguardan-resultados-este-mes","status":"publish","type":"post","link":"https:\/\/jms.com.bo\/mediamonitor\/2023\/11\/08\/aun-no-hay-acuerdo-para-el-uso-de-la-biotecnologia-productores-aguardan-resultados-este-mes\/","title":{"rendered":"A\u00fan no hay acuerdo para el uso de la biotecnolog\u00eda, productores aguardan resultados este mes"},"content":{"rendered":"<p style=\"text-align: justify;\">Las reuniones entre el Gobierno y los productores para dar luz verde al uso de la biotecnolog\u00eda contin\u00faan y el compromiso de las autoridades gubernamentales es entregar resultados finales hasta este fin de mes. El sector productivo aguarda que se avale la homologaci\u00f3n y se pueda usar semillas mejoradas en la pr\u00f3xima cosecha.<\/p>\n<p style=\"text-align: justify;\">Jos\u00e9 Luis Farah, presidente de la Confederaci\u00f3n Agropecuaria Nacional (Confeagro), reiter\u00f3 este lunes la importancia del uso de la biotecnolog\u00eda para mejorar la producci\u00f3n, sobre todo en esta \u00e9poca donde la sequ\u00eda castiga a los productores.<\/p>\n<p style=\"text-align: justify;\">\u201cTodos los viernes nos juntamos tras la reuni\u00f3n con el Presidente en agosto. Nos juntamos desde septiembre en dos mesas t\u00e9cnicas, una t\u00e9cnica y otra jur\u00eddica, donde trabajamos en la parte legal normativa y en la otra, en todo proceso t\u00e9cnico. El compromiso es concluir antes de finales de noviembre con un proyecto;, un avance de una homologaci\u00f3n y un inicio para una ley general en el uso de la biotecnolog\u00eda\u201d, explic\u00f3 Farah.<\/p>\n<p style=\"text-align: justify;\">Biotecnolog\u00eda<\/p>\n<p style=\"text-align: justify;\">A\u00f1adi\u00f3 que a\u00fan est\u00e1 en marcha la segunda evaluaci\u00f3n del primer evento que presentaron para el uso de una semilla de soya resistente a la sequ\u00eda. La primera evaluaci\u00f3n fue positiva.<\/p>\n<p style=\"text-align: justify;\">Farah enfatiz\u00f3 que el uso de la semilla mejorada es fundamental sobre todo para enfrentar el cambio clim\u00e1tico que afecta la producci\u00f3n.<\/p>\n<p style=\"text-align: justify;\">\u201cDe repente el pr\u00f3ximo a\u00f1o pudi\u00e9semos estar comenzando a sembrar esta semilla. Por eso es el tema de la semilla mejorada, porque al final de cuentas cada vez el tema del cambio clim\u00e1tico se est\u00e1 acentuando m\u00e1s. En algunos casos hay exceso de agua en dos, tres d\u00edas y produce inundaci\u00f3n: y el otro extremo es el tema de la sequ\u00eda que estamos sosteniendo, cada vez los cultivos est\u00e1n decayendo\u201d.<\/p>\n<p style=\"text-align: justify;\">El Gobierno y la C\u00e1mara Agropecuaria del Oriente (CAO) trabajan desde agosto en mesas para avalar el uso de biotecnolog\u00eda en las semillas; lo que incrementar\u00e1 la producci\u00f3n en la misma cantidad de terreno.<\/p>\n","protected":false},"excerpt":{"rendered":"<p>Las reuniones entre el Gobierno y los productores para dar luz verde al uso de la biotecnolog\u00eda contin\u00faan y el compromiso de las autoridades gubernamentales es entregar resultados finales hasta este fin de mes. El sector productivo aguarda que se avale la homologaci\u00f3n y se pueda usar semillas mejoradas en la pr\u00f3xima cosecha. Jos\u00e9 Luis [&hellip;]<\/p>\n","protected":false},"author":4,"featured_media":60726,"comment_status":"open","ping_status":"closed","sticky":false,"template":"","format":"standard","meta":{"footnotes":""},"categories":[52],"tags":[],"class_list":{"0":"post-60725","1":"post","2":"type-post","3":"status-publish","4":"format-standard","5":"has-post-thumbnail","7":"category-alimentos-agroindustria"},"_links":{"self":[{"href":"https:\/\/jms.com.bo\/mediamonitor\/wp-json\/wp\/v2\/posts\/60725","targetHints":{"allow":["GET"]}}],"collection":[{"href":"https:\/\/jms.com.bo\/mediamonitor\/wp-json\/wp\/v2\/posts"}],"about":[{"href":"https:\/\/jms.com.bo\/mediamonitor\/wp-json\/wp\/v2\/types\/post"}],"author":[{"embeddable":true,"href":"https:\/\/jms.com.bo\/mediamonitor\/wp-json\/wp\/v2\/users\/4"}],"replies":[{"embeddable":true,"href":"https:\/\/jms.com.bo\/mediamonitor\/wp-json\/wp\/v2\/comments?post=60725"}],"version-history":[{"count":0,"href":"https:\/\/jms.com.bo\/mediamonitor\/wp-json\/wp\/v2\/posts\/60725\/revisions"}],"wp:featuredmedia":[{"embeddable":true,"href":"https:\/\/jms.com.bo\/mediamonitor\/wp-json\/wp\/v2\/media\/60726"}],"wp:attachment":[{"href":"https:\/\/jms.com.bo\/mediamonitor\/wp-json\/wp\/v2\/media?parent=60725"}],"wp:term":[{"taxonomy":"category","embeddable":true,"href":"https:\/\/jms.com.bo\/mediamonitor\/wp-json\/wp\/v2\/categories?post=60725"},{"taxonomy":"post_tag","embeddable":true,"href":"https:\/\/jms.com.bo\/mediamonitor\/wp-json\/wp\/v2\/tags?post=60725"}],"curies":[{"name":"wp","href":"https:\/\/api.w.org\/{rel}","templated":true}]}}