{"id":60729,"date":"2023-11-08T06:43:31","date_gmt":"2023-11-08T10:43:31","guid":{"rendered":"https:\/\/jms.com.bo\/mediamonitor\/2023\/11\/08\/trabajadores-de-emat-en-emergencia-piden-a-setar-dar-continuidad-a-cobros-de-aseo-urbano\/"},"modified":"2023-11-08T06:43:31","modified_gmt":"2023-11-08T10:43:31","slug":"trabajadores-de-emat-en-emergencia-piden-a-setar-dar-continuidad-a-cobros-de-aseo-urbano","status":"publish","type":"post","link":"https:\/\/jms.com.bo\/mediamonitor\/2023\/11\/08\/trabajadores-de-emat-en-emergencia-piden-a-setar-dar-continuidad-a-cobros-de-aseo-urbano\/","title":{"rendered":"Trabajadores de EMAT en emergencia piden a SETAR dar continuidad a cobros de aseo urbano"},"content":{"rendered":"<p style=\"text-align: justify;\">Los trabajadores de la Empresa Municipal de Aseo de Tarija (EMAT) se han declarado en estado de emergencia en respuesta al anuncio de la Empresa de Servicios El\u00e9ctricos de Tarija (SETAR), que a partir del mes de enero del pr\u00f3ximo a\u00f1o ya no realizar\u00e1 los cobros por concepto de aseo urbano de EMAT.<\/p>\n<p style=\"text-align: justify;\">Seg\u00fan los movilizados, SETAR dej\u00f3 de cobrar la tasa de aseo en las facturas a partir del 1 de noviembre, lo que est\u00e1 teniendo un impacto directo en la Empresa Municipal de Aseo Tarije\u00f1a. Mario Ariel Vilca, secretario general del sindicato de trabajadores, destac\u00f3 que esta situaci\u00f3n podr\u00eda poner en riesgo la continuidad del servicio de recolecci\u00f3n de residuos y, en \u00faltima instancia, la salud p\u00fablica de la poblaci\u00f3n tarije\u00f1a.<\/p>\n<p style=\"text-align: justify;\">La m\u00e1xima autoridad de SETAR ha explicado que esta medida se ha tomado para evitar futuros inconvenientes relacionados con deudas del Gobierno Municipal de Cercado. Sin embargo, los trabajadores temen que la suspensi\u00f3n de los cobros pueda afectar su estabilidad laboral y el servicio que brindan a la comunidad.<\/p>\n<p style=\"text-align: justify;\">Ante esta situaci\u00f3n, los trabajadores de EMAT han expresado su preocupaci\u00f3n y han anunciado la posibilidad de tomar medidas de protesta m\u00e1s dr\u00e1sticas a partir del mi\u00e9rcoles. Un total de 300 trabajadores, hombres y mujeres, se ven directamente afectados por esta situaci\u00f3n, y est\u00e1n buscando soluciones para garantizar la continuidad del cobro servicio de aseo urbano en Tarija.<\/p>\n","protected":false},"excerpt":{"rendered":"<p>Los trabajadores de la Empresa Municipal de Aseo de Tarija (EMAT) se han declarado en estado de emergencia en respuesta al anuncio de la Empresa de Servicios El\u00e9ctricos de Tarija (SETAR), que a partir del mes de enero del pr\u00f3ximo a\u00f1o ya no realizar\u00e1 los cobros por concepto de aseo urbano de EMAT. Seg\u00fan los [&hellip;]<\/p>\n","protected":false},"author":4,"featured_media":60730,"comment_status":"open","ping_status":"closed","sticky":false,"template":"","format":"standard","meta":{"footnotes":""},"categories":[49],"tags":[],"class_list":{"0":"post-60729","1":"post","2":"type-post","3":"status-publish","4":"format-standard","5":"has-post-thumbnail","7":"category-social"},"_links":{"self":[{"href":"https:\/\/jms.com.bo\/mediamonitor\/wp-json\/wp\/v2\/posts\/60729","targetHints":{"allow":["GET"]}}],"collection":[{"href":"https:\/\/jms.com.bo\/mediamonitor\/wp-json\/wp\/v2\/posts"}],"about":[{"href":"https:\/\/jms.com.bo\/mediamonitor\/wp-json\/wp\/v2\/types\/post"}],"author":[{"embeddable":true,"href":"https:\/\/jms.com.bo\/mediamonitor\/wp-json\/wp\/v2\/users\/4"}],"replies":[{"embeddable":true,"href":"https:\/\/jms.com.bo\/mediamonitor\/wp-json\/wp\/v2\/comments?post=60729"}],"version-history":[{"count":0,"href":"https:\/\/jms.com.bo\/mediamonitor\/wp-json\/wp\/v2\/posts\/60729\/revisions"}],"wp:featuredmedia":[{"embeddable":true,"href":"https:\/\/jms.com.bo\/mediamonitor\/wp-json\/wp\/v2\/media\/60730"}],"wp:attachment":[{"href":"https:\/\/jms.com.bo\/mediamonitor\/wp-json\/wp\/v2\/media?parent=60729"}],"wp:term":[{"taxonomy":"category","embeddable":true,"href":"https:\/\/jms.com.bo\/mediamonitor\/wp-json\/wp\/v2\/categories?post=60729"},{"taxonomy":"post_tag","embeddable":true,"href":"https:\/\/jms.com.bo\/mediamonitor\/wp-json\/wp\/v2\/tags?post=60729"}],"curies":[{"name":"wp","href":"https:\/\/api.w.org\/{rel}","templated":true}]}}