{"id":60731,"date":"2023-11-08T06:44:53","date_gmt":"2023-11-08T10:44:53","guid":{"rendered":"https:\/\/jms.com.bo\/mediamonitor\/2023\/11\/08\/senamhi-preve-que-noviembre-sera-otro-mes-con-bajas-precipitaciones\/"},"modified":"2023-11-08T06:44:53","modified_gmt":"2023-11-08T10:44:53","slug":"senamhi-preve-que-noviembre-sera-otro-mes-con-bajas-precipitaciones","status":"publish","type":"post","link":"https:\/\/jms.com.bo\/mediamonitor\/2023\/11\/08\/senamhi-preve-que-noviembre-sera-otro-mes-con-bajas-precipitaciones\/","title":{"rendered":"Senamhi prev\u00e9 que noviembre ser\u00e1 otro mes con bajas precipitaciones"},"content":{"rendered":"<p style=\"text-align: justify;\">Aunque llueve en muchas regiones del pa\u00eds no alcanza y las perspectivas no son muy alentadoras. El Servicio Nacional de Meteorolog\u00eda e Hidrolog\u00eda (Senamhi) prev\u00e9 que este mes de noviembre las precipitaciones a\u00fan ser\u00e1n bajas principalmente en el altiplano y valles y, es mas, que este fen\u00f3meno de d\u00e9ficit se extienda hasta marzo del siguiente a\u00f1o.<\/p>\n<p style=\"text-align: justify;\">\u201cSeg\u00fan como Senamhi sacamos las predicciones probabil\u00edsticas es que tengamos lluvias por debajo de lo normal todav\u00eda en lo que es el altiplano y valles\u201d, expres\u00f3 el director del Senamhi, Hugo Mamani.<\/p>\n<p style=\"text-align: justify;\">El fen\u00f3meno de precipitaciones por debajo de lo normal se repite desde el pasado mes. En este octubre, si bien las lluvias fueron m\u00e1s frecuentes, en varias regiones fueron solo aguaceros de poca duraci\u00f3n, escasas o seguidas de calor intenso, lo que procur\u00f3 una m\u00e1s r\u00e1pida evaporaci\u00f3n.<\/p>\n<p style=\"text-align: justify;\">PRECIPITACIONES<\/p>\n<p style=\"text-align: justify;\">\u201cHemos ido viendo que se han batido, principalmente en el mes de octubre, varias temperaturas extremas m\u00e1ximas; tambi\u00e9n a esto se ha a\u00f1adido que hemos tenido bajas precipitaciones, excepto en Tarija que hubo exceso de precipitaciones y en Potos\u00ed, en ciertos puntos, pero que ello no representa mucho. Entonces esto es preocupante no solamente para nosotros, sino para los que hacen su producci\u00f3n en el campo\u201d, dijo Mamani.<\/p>\n<p style=\"text-align: justify;\">En octubre, al menos 19 regiones registraron nuevos r\u00e9cords de calor. Entre estas se encuentran Oruro, la ciudad de Potos\u00ed, La Paz, San Borja, San Mat\u00edas, la ciudad de Santa Cruz y el municipio de San Jos\u00e9; este \u00faltimo tuvo el registro m\u00e1s alto con 43,7 grados de temperatura marcados el 19 de octubre y que rompi\u00f3 su marca hist\u00f3rica de 43,4 grados de 2020, seg\u00fan datos del Senamhi.<\/p>\n<p style=\"text-align: justify;\">El fen\u00f3meno de El Ni\u00f1o, ya presente en el pa\u00eds, se cree repercute en este cambio del clima y la escasez de aguaceros. Aunque para esta semana se pronosticaron lluvias, no son de la cantidad y duraci\u00f3n que sol\u00edan ser. Esto, prev\u00e9 el Senamhi, podr\u00eda seguir hasta marzo de la siguiente gesti\u00f3n.<\/p>\n<p style=\"text-align: justify;\">\u201cLas precipitaciones, seg\u00fan las predicciones que tenemos, hasta el mes de marzo dan cuenta de que no vamos a tener cantidades suficientes de precipitaci\u00f3n que alcance el normal; tenemos que tomar en cuenta aquello\u201d, dijo.<\/p>\n","protected":false},"excerpt":{"rendered":"<p>Aunque llueve en muchas regiones del pa\u00eds no alcanza y las perspectivas no son muy alentadoras. El Servicio Nacional de Meteorolog\u00eda e Hidrolog\u00eda (Senamhi) prev\u00e9 que este mes de noviembre las precipitaciones a\u00fan ser\u00e1n bajas principalmente en el altiplano y valles y, es mas, que este fen\u00f3meno de d\u00e9ficit se extienda hasta marzo del siguiente [&hellip;]<\/p>\n","protected":false},"author":4,"featured_media":60732,"comment_status":"open","ping_status":"closed","sticky":false,"template":"","format":"standard","meta":{"footnotes":""},"categories":[20],"tags":[],"class_list":{"0":"post-60731","1":"post","2":"type-post","3":"status-publish","4":"format-standard","5":"has-post-thumbnail","7":"category-actualidad"},"_links":{"self":[{"href":"https:\/\/jms.com.bo\/mediamonitor\/wp-json\/wp\/v2\/posts\/60731","targetHints":{"allow":["GET"]}}],"collection":[{"href":"https:\/\/jms.com.bo\/mediamonitor\/wp-json\/wp\/v2\/posts"}],"about":[{"href":"https:\/\/jms.com.bo\/mediamonitor\/wp-json\/wp\/v2\/types\/post"}],"author":[{"embeddable":true,"href":"https:\/\/jms.com.bo\/mediamonitor\/wp-json\/wp\/v2\/users\/4"}],"replies":[{"embeddable":true,"href":"https:\/\/jms.com.bo\/mediamonitor\/wp-json\/wp\/v2\/comments?post=60731"}],"version-history":[{"count":0,"href":"https:\/\/jms.com.bo\/mediamonitor\/wp-json\/wp\/v2\/posts\/60731\/revisions"}],"wp:featuredmedia":[{"embeddable":true,"href":"https:\/\/jms.com.bo\/mediamonitor\/wp-json\/wp\/v2\/media\/60732"}],"wp:attachment":[{"href":"https:\/\/jms.com.bo\/mediamonitor\/wp-json\/wp\/v2\/media?parent=60731"}],"wp:term":[{"taxonomy":"category","embeddable":true,"href":"https:\/\/jms.com.bo\/mediamonitor\/wp-json\/wp\/v2\/categories?post=60731"},{"taxonomy":"post_tag","embeddable":true,"href":"https:\/\/jms.com.bo\/mediamonitor\/wp-json\/wp\/v2\/tags?post=60731"}],"curies":[{"name":"wp","href":"https:\/\/api.w.org\/{rel}","templated":true}]}}