{"id":60733,"date":"2023-11-08T06:46:04","date_gmt":"2023-11-08T10:46:04","guid":{"rendered":"https:\/\/jms.com.bo\/mediamonitor\/2023\/11\/08\/descartan-racionamiento-de-agua-en-la-paz\/"},"modified":"2023-11-08T06:46:04","modified_gmt":"2023-11-08T10:46:04","slug":"descartan-racionamiento-de-agua-en-la-paz","status":"publish","type":"post","link":"https:\/\/jms.com.bo\/mediamonitor\/2023\/11\/08\/descartan-racionamiento-de-agua-en-la-paz\/","title":{"rendered":"Descartan racionamiento de agua en La Paz"},"content":{"rendered":"<p style=\"text-align: justify;\">Aunque en La Paz todav\u00eda no llueve con la duraci\u00f3n e intensidad de otros a\u00f1os, la Empresa P\u00fablica Social de Agua y Saneamiento (EPSAS) y la Autoridad de Fiscalizaci\u00f3n y Control Social de Agua Potable y Saneamiento B\u00e1sico (AAPS) descartaron este lunes que se planee un racionamiento del l\u00edquido.<\/p>\n<p style=\"text-align: justify;\">\u201cLo primero que tenemos que hacer es rechazar aquellas publicaciones en las redes sociales sobre alg\u00fan posible racionamiento que vaya a existir en la ciudad de La Paz. Esto lo vamos a descartar contundentemente\u201d, dijo la directora de la AAPS, Karina Ord\u00f3\u00f1ez.<\/p>\n<p style=\"text-align: justify;\">El alcalde de La Paz, Iv\u00e1n Arias, expres\u00f3 p\u00fablicamente su preocupaci\u00f3n por la situaci\u00f3n de las represas; exigi\u00f3 una reuni\u00f3n con EPSAS, adem\u00e1s de proponer que se reduzca la presi\u00f3n del agua durante las noches.<\/p>\n<p style=\"text-align: justify;\">RACIONAMIENTO<\/p>\n<p style=\"text-align: justify;\">No obstante, EPSAS inform\u00f3 que no existen problemas en las represas; y que el agua se encuentra garantizada hasta al menos febrero de la siguiente gesti\u00f3n.<\/p>\n<p style=\"text-align: justify;\">\u201cEstamos garantizando el agua hasta los primeros d\u00edas de lluvia, que estamos por febrero, para el abastecimiento correspondiente\u201d, puntualiz\u00f3 el interventor de EPSAS, Jaime Guti\u00e9rrez.<\/p>\n<p style=\"text-align: justify;\">De acuerdo con el reporte de esta instituci\u00f3n, hasta este lunes la represa de Incachaca se encontraba al 56,96% de volumen acumulado y la de Hampaturi, al 41,83%. El m\u00e1s bajo era el de Ajuankhota, que registraba un 9,82% y el de Milluni, con 13,12%. En total, de los 10 principales embalses reportados por EPSAS, se inform\u00f3 de un almacenamiento al 41,92%.<\/p>\n<p style=\"text-align: justify;\">\u201cEstamos tomando las previsiones correspondientes, ya que se est\u00e1 utilizando el plan de contingencias, que ha sido aprobado por la AAPS para hacer el trasvase de un sistema a otro, para que el agua siga (dando) abastecimiento\u201d, indic\u00f3 el interventor de EPSAS.<\/p>\n","protected":false},"excerpt":{"rendered":"<p>Aunque en La Paz todav\u00eda no llueve con la duraci\u00f3n e intensidad de otros a\u00f1os, la Empresa P\u00fablica Social de Agua y Saneamiento (EPSAS) y la Autoridad de Fiscalizaci\u00f3n y Control Social de Agua Potable y Saneamiento B\u00e1sico (AAPS) descartaron este lunes que se planee un racionamiento del l\u00edquido. \u201cLo primero que tenemos que hacer [&hellip;]<\/p>\n","protected":false},"author":4,"featured_media":60734,"comment_status":"open","ping_status":"closed","sticky":false,"template":"","format":"standard","meta":{"footnotes":""},"categories":[20],"tags":[],"class_list":{"0":"post-60733","1":"post","2":"type-post","3":"status-publish","4":"format-standard","5":"has-post-thumbnail","7":"category-actualidad"},"_links":{"self":[{"href":"https:\/\/jms.com.bo\/mediamonitor\/wp-json\/wp\/v2\/posts\/60733","targetHints":{"allow":["GET"]}}],"collection":[{"href":"https:\/\/jms.com.bo\/mediamonitor\/wp-json\/wp\/v2\/posts"}],"about":[{"href":"https:\/\/jms.com.bo\/mediamonitor\/wp-json\/wp\/v2\/types\/post"}],"author":[{"embeddable":true,"href":"https:\/\/jms.com.bo\/mediamonitor\/wp-json\/wp\/v2\/users\/4"}],"replies":[{"embeddable":true,"href":"https:\/\/jms.com.bo\/mediamonitor\/wp-json\/wp\/v2\/comments?post=60733"}],"version-history":[{"count":0,"href":"https:\/\/jms.com.bo\/mediamonitor\/wp-json\/wp\/v2\/posts\/60733\/revisions"}],"wp:featuredmedia":[{"embeddable":true,"href":"https:\/\/jms.com.bo\/mediamonitor\/wp-json\/wp\/v2\/media\/60734"}],"wp:attachment":[{"href":"https:\/\/jms.com.bo\/mediamonitor\/wp-json\/wp\/v2\/media?parent=60733"}],"wp:term":[{"taxonomy":"category","embeddable":true,"href":"https:\/\/jms.com.bo\/mediamonitor\/wp-json\/wp\/v2\/categories?post=60733"},{"taxonomy":"post_tag","embeddable":true,"href":"https:\/\/jms.com.bo\/mediamonitor\/wp-json\/wp\/v2\/tags?post=60733"}],"curies":[{"name":"wp","href":"https:\/\/api.w.org\/{rel}","templated":true}]}}