{"id":60735,"date":"2023-11-08T06:47:46","date_gmt":"2023-11-08T10:47:46","guid":{"rendered":"https:\/\/jms.com.bo\/mediamonitor\/2023\/11\/08\/instituciones-suscriben-acuerdo-para-responder-requerimientos-fiscales-de-manera-electronica\/"},"modified":"2023-11-08T06:47:46","modified_gmt":"2023-11-08T10:47:46","slug":"instituciones-suscriben-acuerdo-para-responder-requerimientos-fiscales-de-manera-electronica","status":"publish","type":"post","link":"https:\/\/jms.com.bo\/mediamonitor\/2023\/11\/08\/instituciones-suscriben-acuerdo-para-responder-requerimientos-fiscales-de-manera-electronica\/","title":{"rendered":"Instituciones suscriben acuerdo para responder requerimientos fiscales de manera electr\u00f3nica"},"content":{"rendered":"<p style=\"text-align: justify;\">La Fiscal\u00eda General del Estado y una telef\u00f3nica de alcance nacional suscribieron un convenio de cooperaci\u00f3n interinstitucional el cual est\u00e1 enfocado para que todas las solicitudes y respuestas a requerimientos fiscales se puedan realizar en un ambiente 100% electr\u00f3nico mediante el m\u00f3dulo de convenios, que es parte del Ecosistema Justicia Libre.<\/p>\n<p style=\"text-align: justify;\">El acuerdo suscrito va en beneficio de la poblaci\u00f3n litigante y contribuir\u00e1 en el proceso de las investigaciones penales \u201ces importante que se sumen varias instituciones privadas para que podamos tener un mejor acceso a la justicia\u201d, dijo el fiscal general Juan Lanchipa.<\/p>\n<p style=\"text-align: justify;\">El 23 de octubre del 2023, el Fiscal General, present\u00f3 el ecosistema Justicia Libre, que se constituye en la primera herramienta tecnol\u00f3gica del pa\u00eds, para mejorar la investigaci\u00f3n y procesamiento de casos penales, con base en la Gesti\u00f3n Fiscal por Resultados que se implement\u00f3 desde enero de 2019<\/p>\n","protected":false},"excerpt":{"rendered":"<p>La Fiscal\u00eda General del Estado y una telef\u00f3nica de alcance nacional suscribieron un convenio de cooperaci\u00f3n interinstitucional el cual est\u00e1 enfocado para que todas las solicitudes y respuestas a requerimientos fiscales se puedan realizar en un ambiente 100% electr\u00f3nico mediante el m\u00f3dulo de convenios, que es parte del Ecosistema Justicia Libre. El acuerdo suscrito va [&hellip;]<\/p>\n","protected":false},"author":4,"featured_media":60736,"comment_status":"open","ping_status":"closed","sticky":false,"template":"","format":"standard","meta":{"footnotes":""},"categories":[20,47,48],"tags":[],"class_list":{"0":"post-60735","1":"post","2":"type-post","3":"status-publish","4":"format-standard","5":"has-post-thumbnail","7":"category-actualidad","8":"category-portada-actualidad","9":"category-portada-general-sitio"},"_links":{"self":[{"href":"https:\/\/jms.com.bo\/mediamonitor\/wp-json\/wp\/v2\/posts\/60735","targetHints":{"allow":["GET"]}}],"collection":[{"href":"https:\/\/jms.com.bo\/mediamonitor\/wp-json\/wp\/v2\/posts"}],"about":[{"href":"https:\/\/jms.com.bo\/mediamonitor\/wp-json\/wp\/v2\/types\/post"}],"author":[{"embeddable":true,"href":"https:\/\/jms.com.bo\/mediamonitor\/wp-json\/wp\/v2\/users\/4"}],"replies":[{"embeddable":true,"href":"https:\/\/jms.com.bo\/mediamonitor\/wp-json\/wp\/v2\/comments?post=60735"}],"version-history":[{"count":0,"href":"https:\/\/jms.com.bo\/mediamonitor\/wp-json\/wp\/v2\/posts\/60735\/revisions"}],"wp:featuredmedia":[{"embeddable":true,"href":"https:\/\/jms.com.bo\/mediamonitor\/wp-json\/wp\/v2\/media\/60736"}],"wp:attachment":[{"href":"https:\/\/jms.com.bo\/mediamonitor\/wp-json\/wp\/v2\/media?parent=60735"}],"wp:term":[{"taxonomy":"category","embeddable":true,"href":"https:\/\/jms.com.bo\/mediamonitor\/wp-json\/wp\/v2\/categories?post=60735"},{"taxonomy":"post_tag","embeddable":true,"href":"https:\/\/jms.com.bo\/mediamonitor\/wp-json\/wp\/v2\/tags?post=60735"}],"curies":[{"name":"wp","href":"https:\/\/api.w.org\/{rel}","templated":true}]}}