{"id":60737,"date":"2023-11-08T06:49:11","date_gmt":"2023-11-08T10:49:11","guid":{"rendered":"https:\/\/jms.com.bo\/mediamonitor\/2023\/11\/08\/brecha-entre-santa-cruz-y-el-gobierno-nacional-se-profundizo-en-tres-anos\/"},"modified":"2023-11-08T06:49:11","modified_gmt":"2023-11-08T10:49:11","slug":"brecha-entre-santa-cruz-y-el-gobierno-nacional-se-profundizo-en-tres-anos","status":"publish","type":"post","link":"https:\/\/jms.com.bo\/mediamonitor\/2023\/11\/08\/brecha-entre-santa-cruz-y-el-gobierno-nacional-se-profundizo-en-tres-anos\/","title":{"rendered":"Brecha entre Santa Cruz y el Gobierno nacional se profundiz\u00f3 en tres a\u00f1os"},"content":{"rendered":"<p style=\"text-align: justify;\">Analistas, pol\u00edticos y representantes de las instituciones cruce\u00f1as observaron que la administraci\u00f3n del presidente Luis Arce haya profundizado la brecha de relacionamiento con el departamento de Santa Cruz en sus \u00faltimos tres a\u00f1os de gesti\u00f3n gubernamental.<\/p>\n<p style=\"text-align: justify;\">El conflicto por la fecha del pr\u00f3ximo Censo Nacional de Poblaci\u00f3n y Vivienda, la situaci\u00f3n econ\u00f3mica, la toma ilegal de tierras y la aprehensi\u00f3n de autoridades y activistas cruce\u00f1os, son algunos de los temas que han agrandado a\u00fan m\u00e1s esta brecha que viene desde el gobierno de Evo Morales (2006-2019).<\/p>\n<p style=\"text-align: justify;\">La asamble\u00edsta departamental por la alianza Creemos, Paola Aguirre, manifest\u00f3 que la gesti\u00f3n del presidente Arce ha \u201cprofundizado las brechas que separan al departamento de Santa Cruz del Gobierno nacional\u201d porque el mandatario ha dejado de lado \u201csituaciones\u201d que requieren atenci\u00f3n especial por parte del Estado como la salud, la econom\u00eda, el narcotr\u00e1fico y la protecci\u00f3n al medioambiente, para destinar recursos para \u201cmeter presa\u201d a la gente de Santa Cruz.<\/p>\n<p style=\"text-align: justify;\">\u201cEs un hecho sin precedentes que tengamos, ahora mismo, al gobernador del departamento m\u00e1s grande del pa\u00eds, como es Luis Fernando Camacho Vaca, secuestrado en manos del r\u00e9gimen de Luis Arce\u201d, indic\u00f3 la asamble\u00edsta departamental por Creemos.<\/p>\n<p style=\"text-align: justify;\">Lament\u00f3 que la pol\u00edtica, impulsada por el Movimiento Al Socialismo (MAS), genera m\u00e1s distanciamiento entre el Gobierno con Santa Cruz, y quienes terminan perjudicados son los ciudadanos.<\/p>\n<p style=\"text-align: justify;\">El paro ciudadano de 36 d\u00edas realizado en octubre y noviembre del 2022, que exig\u00eda la ejecuci\u00f3n del censo de poblaci\u00f3n y vivienda, y el cabildo de enero de este a\u00f1o, que determin\u00f3 la liberaci\u00f3n de unos 180 presos pol\u00edticos y el revocatorio del presidente Arce, son dos se\u00f1ales de la tensi\u00f3n.<\/p>\n<p style=\"text-align: justify;\">Por su parte, el concejal por Comunidad Auton\u00f3mica (C-A), Jos\u00e9 Alberti, ve que la relaci\u00f3n pol\u00edtica entre el Gobierno nacional y Santa Cruz \u201ces p\u00e9sima\u201d porque no existen canales de comunicaci\u00f3n y tampoco de cooperaci\u00f3n. \u201cEl Gobierno impone en la regi\u00f3n, impone al Gobierno departamental y a los 56 Gobiernos municipales, ah\u00ed se ve una falta de relaci\u00f3n. Hay una imposici\u00f3n del centralismo en lo que se refiere a la administraci\u00f3n del Estado, el poder pol\u00edtico y al manejo financiero y presupuestal\u201d.<\/p>\n<p style=\"text-align: justify;\">Agreg\u00f3 que la relaci\u00f3n con el Estado tiene que \u201cprofundizarse y mejorarse\u201d dentro del marco de las autonom\u00edas y el ejercicio real de lo que significa un estado auton\u00f3mico, donde se puede tener incluso \u201cnuestra propia polic\u00eda\u201d.<\/p>\n<p style=\"text-align: justify;\">Sobre la gesti\u00f3n de Arce, el vicerrector de la Universidad Aut\u00f3noma Gabriel Ren\u00e9 Moreno (Uagrm), Reinerio Vargas, dijo que ha generado conflictos y separaci\u00f3n entre bolivianos. \u201cSe tiene una econom\u00eda quebrada con colas para cargar combustible, lo que genera dificultad para el transporte. Y a lo \u00fanico que nos podr\u00eda salvar, el agro y la ganader\u00eda, se les ponen obst\u00e1culos\u201d, complement\u00f3.<\/p>\n<p style=\"text-align: justify;\">Sobre la relaci\u00f3n de Santa Cruz con el Gobierno central, Vargas dijo que es \u201cuna relaci\u00f3n t\u00f3xica\u201d sin un futuro promisorio. \u201cDe boca para afuera hablan de apoyar a Santa Cruz, pero de boca para adentro es para poner obst\u00e1culos (a Santa Cruz). No hay la voluntad pol\u00edtica, ni tampoco la voluntad para apoyar el desarrollo de Santa Cruz, que es la posibilidad que se tiene para salvar la econom\u00eda\u201d.<\/p>\n<p style=\"text-align: justify;\">El analista Jos\u00e9 Orlando Peralta sostuvo que la dirigencia pol\u00edtica cruce\u00f1a y el Gobierno central tienen una relaci\u00f3n conflictiva, que tiene un antes y un despu\u00e9s con la detenci\u00f3n del gobernador cruce\u00f1o. \u201cLa detenci\u00f3n de Camacho, tras los 36 d\u00edas de paro, sabe a derrota pol\u00edtica porque se detiene a la m\u00e1xima autoridad del departamento y eso en perspectiva tiene una grave connotaci\u00f3n porque acent\u00faa el distanciamiento\u201d.<\/p>\n","protected":false},"excerpt":{"rendered":"<p>Analistas, pol\u00edticos y representantes de las instituciones cruce\u00f1as observaron que la administraci\u00f3n del presidente Luis Arce haya profundizado la brecha de relacionamiento con el departamento de Santa Cruz en sus \u00faltimos tres a\u00f1os de gesti\u00f3n gubernamental. El conflicto por la fecha del pr\u00f3ximo Censo Nacional de Poblaci\u00f3n y Vivienda, la situaci\u00f3n econ\u00f3mica, la toma ilegal [&hellip;]<\/p>\n","protected":false},"author":4,"featured_media":60738,"comment_status":"open","ping_status":"closed","sticky":false,"template":"","format":"standard","meta":{"footnotes":""},"categories":[18,48,46],"tags":[],"class_list":{"0":"post-60737","1":"post","2":"type-post","3":"status-publish","4":"format-standard","5":"has-post-thumbnail","7":"category-politica","8":"category-portada-general-sitio","9":"category-portada-politica"},"_links":{"self":[{"href":"https:\/\/jms.com.bo\/mediamonitor\/wp-json\/wp\/v2\/posts\/60737","targetHints":{"allow":["GET"]}}],"collection":[{"href":"https:\/\/jms.com.bo\/mediamonitor\/wp-json\/wp\/v2\/posts"}],"about":[{"href":"https:\/\/jms.com.bo\/mediamonitor\/wp-json\/wp\/v2\/types\/post"}],"author":[{"embeddable":true,"href":"https:\/\/jms.com.bo\/mediamonitor\/wp-json\/wp\/v2\/users\/4"}],"replies":[{"embeddable":true,"href":"https:\/\/jms.com.bo\/mediamonitor\/wp-json\/wp\/v2\/comments?post=60737"}],"version-history":[{"count":0,"href":"https:\/\/jms.com.bo\/mediamonitor\/wp-json\/wp\/v2\/posts\/60737\/revisions"}],"wp:featuredmedia":[{"embeddable":true,"href":"https:\/\/jms.com.bo\/mediamonitor\/wp-json\/wp\/v2\/media\/60738"}],"wp:attachment":[{"href":"https:\/\/jms.com.bo\/mediamonitor\/wp-json\/wp\/v2\/media?parent=60737"}],"wp:term":[{"taxonomy":"category","embeddable":true,"href":"https:\/\/jms.com.bo\/mediamonitor\/wp-json\/wp\/v2\/categories?post=60737"},{"taxonomy":"post_tag","embeddable":true,"href":"https:\/\/jms.com.bo\/mediamonitor\/wp-json\/wp\/v2\/tags?post=60737"}],"curies":[{"name":"wp","href":"https:\/\/api.w.org\/{rel}","templated":true}]}}