{"id":60739,"date":"2023-11-08T06:50:46","date_gmt":"2023-11-08T10:50:46","guid":{"rendered":"https:\/\/jms.com.bo\/mediamonitor\/2023\/11\/08\/acusan-a-andronico-de-cruzar-rios-de-sangre-por-la-presidencia-del-senado\/"},"modified":"2023-11-08T06:50:46","modified_gmt":"2023-11-08T10:50:46","slug":"acusan-a-andronico-de-cruzar-rios-de-sangre-por-la-presidencia-del-senado","status":"publish","type":"post","link":"https:\/\/jms.com.bo\/mediamonitor\/2023\/11\/08\/acusan-a-andronico-de-cruzar-rios-de-sangre-por-la-presidencia-del-senado\/","title":{"rendered":"Acusan a Andr\u00f3nico de \u201ccruzar r\u00edos de sangre\u201d por la presidencia del Senado"},"content":{"rendered":"<p style=\"text-align: justify;\">Legisladores de la facci\u00f3n \u201carcista\u201d del Movimiento Al Socialismo (MAS) acus\u00f3 este martes a Andr\u00f3nico Rodr\u00edguez de \u201cvender su alma al diablo\u201d y \u201ccruzar r\u00edos de sangre\u201d para mantenerse en la presidencia de la C\u00e1mara de Senadores por cuarta vez consecutiva.<\/p>\n<p style=\"text-align: justify;\">La senadora \u201carcista\u201d Ana Mar\u00eda Castillo, contrincante de Rodr\u00edguez para la presidencia del Senado, acus\u00f3 a Rodr\u00edguez de vender su \u201calma al diablo\u201d, en referencia a que tuvo que negociar con la oposici\u00f3n, para mantener el control de la C\u00e1mara de Senadores, sin importar consecuencias futuras.<\/p>\n<p style=\"text-align: justify;\">\u201c(Es) una tragedia, porque un joven con futuro, como un l\u00edder, ahora tenga que tener este antecedente. Reitero, creo que es una muerte pol\u00edtica para Andr\u00f3nico. Ahora s\u00ed se mostr\u00f3 como es. La poblaci\u00f3n, Bolivia entera, en este momento debe estar decepcionada de este joven l\u00edder que ahora ha vendido su alma al diablo\u201d, declar\u00f3 Castillo.<\/p>\n<p style=\"text-align: justify;\">Rodr\u00edguez, que responde al ala \u00abevista\u00bb consigui\u00f3 26 de los 36 votos en el Senado. Los datos muestran que recibi\u00f3 respaldo de la oposici\u00f3n, teniendo en cuenta que el MAS solo cuenta con 21 votos.<\/p>\n<p style=\"text-align: justify;\">Las opositoras Creemos y Comunidad Ciudadana condicionaron la noche del lunes su respaldo a una agenda pol\u00edtica.<\/p>\n<p style=\"text-align: justify;\">Para la diputada \u00abarcista\u00bb Deysi Choque, Rodr\u00edguez es un \u00abt\u00edtere\u00bb que cumpli\u00f3 las ordenes de Evo Morales para negociar, pactar y acordar con la oposici\u00f3n un nuevo periodo legislativo sin importar los hechos luctuosos que vivi\u00f3 Bolivia en 2019.<\/p>\n<p style=\"text-align: justify;\">\u00abPedir al senador Andr\u00f3nico Rodr\u00edguez que deje de ser un t\u00edtere, \u00e9l naci\u00f3 con el discurso de la renovaci\u00f3n de Orlando Guti\u00e9rrez (l\u00edder sindical minero), debi\u00f3 ser el legado que dej\u00f3 Orlando Guti\u00e9rrez, pero creo que est\u00e1 revolc\u00e1ndose en su tumba al ver que su legado, al ver que su amigo, su compa\u00f1ero, ese l\u00edder que estaba surgiendo de los j\u00f3venes, hoy se haya convertido en un t\u00edtere que, para cumplir la orden del jefe, tuvo que negociar, acordar, pactar, olvid\u00e1ndose de los muertos y heridos de Senkata, Sacaba y de todo lo que ha sucedido en el pa\u00eds\u00bb, sostuvo.<\/p>\n<p style=\"text-align: justify;\">La respuesta de Andr\u00f3nico<\/p>\n<p style=\"text-align: justify;\">Por su parte, Rodr\u00edguez sali\u00f3 a desmentir la existencia de un \u201cpacto pol\u00edtico\u201d o contubernio con la oposici\u00f3n que haya viabilizado su reelecci\u00f3n para dirigir la C\u00e1mara Alta. Agreg\u00f3 que solo se acept\u00f3 debatir una propuesta, presentada por Comunidad Ciudadana y Creemos, en la agenda legislativa.<\/p>\n<p style=\"text-align: justify;\">\u201cCon toda sinceridad y franqueza le decimos al pueblo que no hubo ning\u00fan contubernio oscuro, acuerdo o pacto entre cuatro paredes, de ninguna manera eso pas\u00f3\u201d, afirm\u00f3 el presidente del Senado.<\/p>\n","protected":false},"excerpt":{"rendered":"<p>Legisladores de la facci\u00f3n \u201carcista\u201d del Movimiento Al Socialismo (MAS) acus\u00f3 este martes a Andr\u00f3nico Rodr\u00edguez de \u201cvender su alma al diablo\u201d y \u201ccruzar r\u00edos de sangre\u201d para mantenerse en la presidencia de la C\u00e1mara de Senadores por cuarta vez consecutiva. La senadora \u201carcista\u201d Ana Mar\u00eda Castillo, contrincante de Rodr\u00edguez para la presidencia del Senado, [&hellip;]<\/p>\n","protected":false},"author":4,"featured_media":60740,"comment_status":"open","ping_status":"closed","sticky":false,"template":"","format":"standard","meta":{"footnotes":""},"categories":[18],"tags":[],"class_list":{"0":"post-60739","1":"post","2":"type-post","3":"status-publish","4":"format-standard","5":"has-post-thumbnail","7":"category-politica"},"_links":{"self":[{"href":"https:\/\/jms.com.bo\/mediamonitor\/wp-json\/wp\/v2\/posts\/60739","targetHints":{"allow":["GET"]}}],"collection":[{"href":"https:\/\/jms.com.bo\/mediamonitor\/wp-json\/wp\/v2\/posts"}],"about":[{"href":"https:\/\/jms.com.bo\/mediamonitor\/wp-json\/wp\/v2\/types\/post"}],"author":[{"embeddable":true,"href":"https:\/\/jms.com.bo\/mediamonitor\/wp-json\/wp\/v2\/users\/4"}],"replies":[{"embeddable":true,"href":"https:\/\/jms.com.bo\/mediamonitor\/wp-json\/wp\/v2\/comments?post=60739"}],"version-history":[{"count":0,"href":"https:\/\/jms.com.bo\/mediamonitor\/wp-json\/wp\/v2\/posts\/60739\/revisions"}],"wp:featuredmedia":[{"embeddable":true,"href":"https:\/\/jms.com.bo\/mediamonitor\/wp-json\/wp\/v2\/media\/60740"}],"wp:attachment":[{"href":"https:\/\/jms.com.bo\/mediamonitor\/wp-json\/wp\/v2\/media?parent=60739"}],"wp:term":[{"taxonomy":"category","embeddable":true,"href":"https:\/\/jms.com.bo\/mediamonitor\/wp-json\/wp\/v2\/categories?post=60739"},{"taxonomy":"post_tag","embeddable":true,"href":"https:\/\/jms.com.bo\/mediamonitor\/wp-json\/wp\/v2\/tags?post=60739"}],"curies":[{"name":"wp","href":"https:\/\/api.w.org\/{rel}","templated":true}]}}