{"id":60741,"date":"2023-11-08T06:52:46","date_gmt":"2023-11-08T10:52:46","guid":{"rendered":"https:\/\/jms.com.bo\/mediamonitor\/2023\/11\/08\/mineros-del-oro-y-evistas-anuncian-una-jornada-de-protestas-en-el-dia-del-informe-de-gestion-de-arce\/"},"modified":"2023-11-08T06:52:46","modified_gmt":"2023-11-08T10:52:46","slug":"mineros-del-oro-y-evistas-anuncian-una-jornada-de-protestas-en-el-dia-del-informe-de-gestion-de-arce","status":"publish","type":"post","link":"https:\/\/jms.com.bo\/mediamonitor\/2023\/11\/08\/mineros-del-oro-y-evistas-anuncian-una-jornada-de-protestas-en-el-dia-del-informe-de-gestion-de-arce\/","title":{"rendered":"Mineros del oro y \u2018evistas\u2019 anuncian una jornada de protestas en el d\u00eda del informe de gesti\u00f3n de Arce"},"content":{"rendered":"<p style=\"text-align: justify;\">Los cooperativistas mineros que \u201ctomaron\u201d desde el lunes la ciudad de La Paz con sus bloqueos y marchas de protesta, y la facci\u00f3n \u2018evista\u2019 del Movimiento Al Socialismo (MAS), que anunci\u00f3 la \u201ctoma\u201d y vigilias permanentes en los tribunales electorales en todo el pa\u00eds, es el escenario pol\u00edtico y social en el que el presidente Luis Arce brindar\u00e1 su informe de gesti\u00f3n.<\/p>\n<p style=\"text-align: justify;\">Mientras en las calles se prev\u00e9 la realizaci\u00f3n de movilizaciones de los mineros aur\u00edferos que solo suspendieron el bloqueo de carreteras, en la sesi\u00f3n inaugural de la Asamblea Legislativa el escenario tambi\u00e9n se pinta con un panorama complejo para el jefe de Estado, ya que adem\u00e1s de la oposici\u00f3n de Comunidad Ciudadana (CC) y Creemos, Arce deber\u00e1 enfrentar a sus m\u00e1s duros y nuevos enemigos: los \u2018evistas\u2019.<\/p>\n<p style=\"text-align: justify;\">\u201cMa\u00f1ana (hoy) organizamos y desde pasado ma\u00f1ana (mi\u00e9rcoles, realizaremos la), toma (de) los tribunales departamentales\u201d, anunci\u00f3 Evo Morales a la salida de una reuni\u00f3n de emergencia que sostuvo con dirigentes de su bloque.<\/p>\n<p style=\"text-align: justify;\">El l\u00edder del partido azul ratific\u00f3 que las movilizaciones comenzar\u00e1n desde este mi\u00e9rcoles hasta que el TSE reconozca el congreso de Lauca \u00d1.<\/p>\n<p style=\"text-align: justify;\">Este martes, Gerardo Garc\u00eda que, tras la resoluci\u00f3n del Tribunal Supremo Electoral (TSE) que desconoce el congreso de Lauca \u00d1, volvi\u00f3 a fungir como vicepresidente del partido azul, anunci\u00f3 que dan un plazo al ente electoral, hasta el 21 de noviembre para que revierta la resoluci\u00f3n que anula su congreso.<\/p>\n<p style=\"text-align: justify;\">\u201cSi hasta el 21 de noviembre no hay resultados, no responde el Tribunal Supremo Electoral, el otro paso ser\u00e1 la marcha desde Caracollo a La Paz. Si en esa marcha no nos escuchan, la extrema medida va a ser el bloqueo general e indefinido a nivel nacional\u201d, dijo Garc\u00eda<\/p>\n<p style=\"text-align: justify;\">Mientras, la vigilia que los \u2018evistas\u2019 instalaron en los TED pace\u00f1o no se mueve, seg\u00fan Garc\u00eda y si el 21 no tienen una respuesta favorable dijo que van a ser \u201cm\u00e1s duros\u201d en sus movilizaciones, porque \u201cla base est\u00e1 enojada. Han comprado dirigentes\u201d.<\/p>\n<p style=\"text-align: justify;\">En tanto, la dirigencia de la Federaci\u00f3n de Cooperativas Mineras Aur\u00edferas de Bolivia anunci\u00f3 esta anoche que aceptaron la invitaci\u00f3n a dialogar con el presidente, el 13 de noviembre, por lo que postergaron el bloqueo de carreteras, pero no as\u00ed las movilizaciones y bloqueos en la ciudad de La Paz.<\/p>\n<p style=\"text-align: justify;\">\u201cEllos han decidido seguir, continuar con las movilizaciones (en La Paz). Llamamos a nuestros compa\u00f1eros a que hagamos movilizaciones de forma responsable. Suspendemos el bloqueo de caminos, pero ma\u00f1ana (mi\u00e9rcoles) vamos a seguir en el centro de la ciudad\u201d, dijo el presidente de la Federaci\u00f3n Regional de Cooperativas Mineras Aur\u00edferas (Fecoman) Ramiro Balmaceda.<\/p>\n<p style=\"text-align: justify;\">\u00bfQu\u00e9 se espera del informe de Arce?<\/p>\n<p style=\"text-align: justify;\">En este escenario, el presidente Arce emitir\u00e1 su tercer informe de gesti\u00f3n y lo har\u00e1 frente a una Asamblea Legislativa dividida y en medio de tensiones que ya no solo ser\u00e1n de los legisladores de CC y Creemos, sino tambi\u00e9n de los &#8216;evistas&#8217;.<\/p>\n<p style=\"text-align: justify;\">Para los legisladores \u2018evistas\u2019, el informe de Arce estar\u00e1 lleno de \u201cmentiras\u201d y m\u00e1s que informe ser\u00e1 un discurso pol\u00edtico, seg\u00fan el senador chapare\u00f1o Leonardo Loza.<\/p>\n<p style=\"text-align: justify;\">\u201cQueremos advertir que nuevamente el presidente del Estado va a mentir al pueblo boliviano, no va a ser un informe de trabajo, ni de programas ni proyectos implementados, creemos que va a ser un informe en teor\u00eda y no va a ser un informe en lo pr\u00e1ctico (\u2026) creemos que no va a haber ning\u00fan cambio en el gabinete del Presidente\u201d, dijo el senador Loza.<\/p>\n<p style=\"text-align: justify;\">De su lado, los legisladores de CC anunciaron que est\u00e1n elaborando para la sesi\u00f3n, carteles de protesta contra el presidente Arce, a quien recibir\u00e1n en la sesi\u00f3n legislativa con abucheos.<\/p>\n<p style=\"text-align: justify;\">\u201cEl d\u00eda de ma\u00f1ana le vamos hacer recuerdo al presidente Luis Arce que estamos ante un narcoestado porque claramente se protege a peces gordos del narcotr\u00e1fico (\u2026) en todo su discurso le vamos hacer recuerdo que su gobierno es totalmente nefasto que est\u00e1 llevando a la deriva a nuestro pa\u00eds\u201d, dijo el diputado Alberto Astorga, de Comunidad Ciudadana.<\/p>\n","protected":false},"excerpt":{"rendered":"<p>Los cooperativistas mineros que \u201ctomaron\u201d desde el lunes la ciudad de La Paz con sus bloqueos y marchas de protesta, y la facci\u00f3n \u2018evista\u2019 del Movimiento Al Socialismo (MAS), que anunci\u00f3 la \u201ctoma\u201d y vigilias permanentes en los tribunales electorales en todo el pa\u00eds, es el escenario pol\u00edtico y social en el que el presidente [&hellip;]<\/p>\n","protected":false},"author":4,"featured_media":60742,"comment_status":"open","ping_status":"closed","sticky":false,"template":"","format":"standard","meta":{"footnotes":""},"categories":[18,48,46],"tags":[],"class_list":{"0":"post-60741","1":"post","2":"type-post","3":"status-publish","4":"format-standard","5":"has-post-thumbnail","7":"category-politica","8":"category-portada-general-sitio","9":"category-portada-politica"},"_links":{"self":[{"href":"https:\/\/jms.com.bo\/mediamonitor\/wp-json\/wp\/v2\/posts\/60741","targetHints":{"allow":["GET"]}}],"collection":[{"href":"https:\/\/jms.com.bo\/mediamonitor\/wp-json\/wp\/v2\/posts"}],"about":[{"href":"https:\/\/jms.com.bo\/mediamonitor\/wp-json\/wp\/v2\/types\/post"}],"author":[{"embeddable":true,"href":"https:\/\/jms.com.bo\/mediamonitor\/wp-json\/wp\/v2\/users\/4"}],"replies":[{"embeddable":true,"href":"https:\/\/jms.com.bo\/mediamonitor\/wp-json\/wp\/v2\/comments?post=60741"}],"version-history":[{"count":0,"href":"https:\/\/jms.com.bo\/mediamonitor\/wp-json\/wp\/v2\/posts\/60741\/revisions"}],"wp:featuredmedia":[{"embeddable":true,"href":"https:\/\/jms.com.bo\/mediamonitor\/wp-json\/wp\/v2\/media\/60742"}],"wp:attachment":[{"href":"https:\/\/jms.com.bo\/mediamonitor\/wp-json\/wp\/v2\/media?parent=60741"}],"wp:term":[{"taxonomy":"category","embeddable":true,"href":"https:\/\/jms.com.bo\/mediamonitor\/wp-json\/wp\/v2\/categories?post=60741"},{"taxonomy":"post_tag","embeddable":true,"href":"https:\/\/jms.com.bo\/mediamonitor\/wp-json\/wp\/v2\/tags?post=60741"}],"curies":[{"name":"wp","href":"https:\/\/api.w.org\/{rel}","templated":true}]}}