{"id":60743,"date":"2023-11-08T06:54:12","date_gmt":"2023-11-08T10:54:12","guid":{"rendered":"https:\/\/jms.com.bo\/mediamonitor\/2023\/11\/08\/senador-dice-que-la-explotacion-minera-en-areas-naturales-se-puede-hacer-sin-afectar-el-medioambiente-porque-el-pais-vive-del-oro\/"},"modified":"2023-11-08T06:54:12","modified_gmt":"2023-11-08T10:54:12","slug":"senador-dice-que-la-explotacion-minera-en-areas-naturales-se-puede-hacer-sin-afectar-el-medioambiente-porque-el-pais-vive-del-oro","status":"publish","type":"post","link":"https:\/\/jms.com.bo\/mediamonitor\/2023\/11\/08\/senador-dice-que-la-explotacion-minera-en-areas-naturales-se-puede-hacer-sin-afectar-el-medioambiente-porque-el-pais-vive-del-oro\/","title":{"rendered":"Senador dice que la explotaci\u00f3n minera en \u00e1reas naturales se puede hacer \u00absin afectar el medioambiente\u00bb porque el pa\u00eds vive del oro"},"content":{"rendered":"<p style=\"text-align: justify;\">Despu\u00e9s de que la movilizaci\u00f3n del sector minero, generara convulsi\u00f3n en la ciudad de La Paz, en demanda de menos impuestos y la asignaci\u00f3n de \u00e1reas protegidas para incrementar la producci\u00f3n de oro, el senador F\u00e9lix Ajpi se\u00f1al\u00f3 que el pa\u00eds est\u00e1 viviendo de la miner\u00eda y que es necesario analizar \u00abhacer las explotaciones\u00bb, pero sin da\u00f1ar el medioambiente.<\/p>\n<p style=\"text-align: justify;\">El legislador hizo esta afirmaci\u00f3n este martes, tras haberse cumplido la primera jornada de manifestaci\u00f3n de los mineros dedicados a la extracci\u00f3n de oro que demandan el pago menos impuestos y la asignaci\u00f3n de \u00e1reas protegidas para la b\u00fasqueda del metal precioso.<\/p>\n<p style=\"text-align: justify;\">\u201cA ver, los ubicaremos pues. Estamos viviendo de la miner\u00eda porque el gas se est\u00e1 agotando por mal manejo en el anterior gobierno. Estamos viviendo en base al oro, por lo tanto, hay que organizar responsablemente y hacer las explotaciones donde se puede permitir sin afectar el medioambiente, con mucha responsabilidad se tiene que trabajar\u201d, dijo el senador.<\/p>\n<p style=\"text-align: justify;\">No obstante, el economista Gonzalo Ch\u00e1vez, explic\u00f3 que el sector minero exporta $us 3.000 millones, \u00abcontaminan nuestro r\u00edos y solo pagan 2% de impuestos\u00bb.<\/p>\n<p style=\"text-align: justify;\">\u00abA pesar de esta situaci\u00f3n, dicen que el Estado no atiende sus demandas. Quieran m\u00e1s\u00bb, sostuvo.<\/p>\n<p style=\"text-align: justify;\">El lunes y este martes la Federaci\u00f3n de Cooperativas Mineras Aur\u00edferas de Bolivia (Fecmabol), convoc\u00f3 a una movilizaci\u00f3n con la instalaci\u00f3n de m\u00e1s de 20 puntos de bloqueos en la ciudad de La Paz. Ellos exigen la anulaci\u00f3n de la resoluci\u00f3n administrativa Ajam 6\/2023 del 24 de julio de 2023 emitida por la Ajam para resguardar las \u00e1reas protegidas.<\/p>\n<p style=\"text-align: justify;\">Adem\u00e1s, piden de otorgar vigencia y validez de los CCU (Certificados de Compatibilidad de Uso) emitidos institucionalmente anteriormente por la entidad estatal.<\/p>\n<p style=\"text-align: justify;\">Este sector tambi\u00e9n exige la Promulgaci\u00f3n del proyecto de ley del Impuesto Consolidado al Oro (ICO), r\u00e9gimen tributario del oro.<\/p>\n<p style=\"text-align: justify;\">La movilizaci\u00f3n del sector minero caus\u00f3 convulsi\u00f3n en la ciudad de La Paz, porque los mineros agredieron a periodistas e instalaciones de entidades p\u00fablicas.<\/p>\n","protected":false},"excerpt":{"rendered":"<p>Despu\u00e9s de que la movilizaci\u00f3n del sector minero, generara convulsi\u00f3n en la ciudad de La Paz, en demanda de menos impuestos y la asignaci\u00f3n de \u00e1reas protegidas para incrementar la producci\u00f3n de oro, el senador F\u00e9lix Ajpi se\u00f1al\u00f3 que el pa\u00eds est\u00e1 viviendo de la miner\u00eda y que es necesario analizar \u00abhacer las explotaciones\u00bb, pero [&hellip;]<\/p>\n","protected":false},"author":4,"featured_media":60744,"comment_status":"open","ping_status":"closed","sticky":false,"template":"","format":"standard","meta":{"footnotes":""},"categories":[25],"tags":[],"class_list":{"0":"post-60743","1":"post","2":"type-post","3":"status-publish","4":"format-standard","5":"has-post-thumbnail","7":"category-economia"},"_links":{"self":[{"href":"https:\/\/jms.com.bo\/mediamonitor\/wp-json\/wp\/v2\/posts\/60743","targetHints":{"allow":["GET"]}}],"collection":[{"href":"https:\/\/jms.com.bo\/mediamonitor\/wp-json\/wp\/v2\/posts"}],"about":[{"href":"https:\/\/jms.com.bo\/mediamonitor\/wp-json\/wp\/v2\/types\/post"}],"author":[{"embeddable":true,"href":"https:\/\/jms.com.bo\/mediamonitor\/wp-json\/wp\/v2\/users\/4"}],"replies":[{"embeddable":true,"href":"https:\/\/jms.com.bo\/mediamonitor\/wp-json\/wp\/v2\/comments?post=60743"}],"version-history":[{"count":0,"href":"https:\/\/jms.com.bo\/mediamonitor\/wp-json\/wp\/v2\/posts\/60743\/revisions"}],"wp:featuredmedia":[{"embeddable":true,"href":"https:\/\/jms.com.bo\/mediamonitor\/wp-json\/wp\/v2\/media\/60744"}],"wp:attachment":[{"href":"https:\/\/jms.com.bo\/mediamonitor\/wp-json\/wp\/v2\/media?parent=60743"}],"wp:term":[{"taxonomy":"category","embeddable":true,"href":"https:\/\/jms.com.bo\/mediamonitor\/wp-json\/wp\/v2\/categories?post=60743"},{"taxonomy":"post_tag","embeddable":true,"href":"https:\/\/jms.com.bo\/mediamonitor\/wp-json\/wp\/v2\/tags?post=60743"}],"curies":[{"name":"wp","href":"https:\/\/api.w.org\/{rel}","templated":true}]}}