{"id":60749,"date":"2023-11-08T06:58:52","date_gmt":"2023-11-08T10:58:52","guid":{"rendered":"https:\/\/jms.com.bo\/mediamonitor\/2023\/11\/08\/despues-de-13-derrotas-en-arbitrajes-internacionales-bolivia-gana-litigio-por-expropiacion-de-dos-concesiones-mineras\/"},"modified":"2023-11-08T06:58:52","modified_gmt":"2023-11-08T10:58:52","slug":"despues-de-13-derrotas-en-arbitrajes-internacionales-bolivia-gana-litigio-por-expropiacion-de-dos-concesiones-mineras","status":"publish","type":"post","link":"https:\/\/jms.com.bo\/mediamonitor\/2023\/11\/08\/despues-de-13-derrotas-en-arbitrajes-internacionales-bolivia-gana-litigio-por-expropiacion-de-dos-concesiones-mineras\/","title":{"rendered":"Despu\u00e9s de 13 derrotas en arbitrajes internacionales, Bolivia gana litigio por expropiaci\u00f3n de dos concesiones mineras"},"content":{"rendered":"<p style=\"text-align: justify;\">Bolivia festeja una de sus pocas victorias en tribunales internacionales. Una corte internacional determin\u00f3 que el Estado boliviano no pagar\u00e1 cerca de $us 500 millones de indemnizaci\u00f3n por la expropiaci\u00f3n de dos concesiones a de la empresa la compa\u00f1\u00eda minera Orlandini.<\/p>\n<p style=\"text-align: justify;\">Esta es una de las pocas victorias en materia de controversias por confiscaciones o llamadas nacionalizaciones, realizadas durante el gobierno del expresidente, Evo Morales. En total, el Estado boliviano enfrent\u00f3 13 procesos, los perdi\u00f3 todos y tuvo que pagar m\u00e1s de $us 810 millones, seg\u00fan datos de la Procuradur\u00eda General del Estado (PGE).<\/p>\n<p style=\"text-align: justify;\">La Corte Permanente de Arbitraje (CPA) inform\u00f3 a la Procurador\u00eda General del Estado (PGE) que Bolivia no incumpli\u00f3 sus obligaciones internacionales ni aquellas dispuestas en el tratado de inversi\u00f3n invocado en este proceso, destaca un comunicado de la entidad estatal.<\/p>\n<p style=\"text-align: justify;\">El procurador general del Estado, C\u00e9sar Siles Baz\u00e1n, citado en la nota institucional, confirm\u00f3 que el pa\u00eds gan\u00f3 el arbitraje interpuesto por la compa\u00f1\u00eda minera Orlandini en el que reclamaba m\u00e1s de $us 500 millones por expropiaci\u00f3n de dos concesiones mineras.<\/p>\n<p style=\"text-align: justify;\">El tribunal del arbitraje que fall\u00f3 a favor de Bolivia estaba formado Stanimir A. Alexandrov (presidente), Guido Santiago Tawil y Jos\u00e9 Antonio Moreno Rodr\u00edguez.<\/p>\n<p style=\"text-align: justify;\">\u201cSe acept\u00f3 todos los alegatos de defensa sobre el fondo del caso, adem\u00e1s se rechaz\u00f3 las pretensiones de los demandantes y se declar\u00f3 que Bolivia cumpli\u00f3 con sus obligaciones internacionales. En ning\u00fan caso incumpli\u00f3 el tratado de inversiones invocado\u201d, destac\u00f3 esta tribunal<\/p>\n<p style=\"text-align: justify;\">Julio Miguel Orlandini y Compa\u00f1\u00eda Minera Orlandini notificaron su arbitraje en 2018 reclamando las actividades ilegales de la Corporaci\u00f3n Minera de Bolivia, Comibol, en el \u00e1rea minera concesionada de Oruro.<\/p>\n<p style=\"text-align: justify;\">El arbitraje fue presentado ante la Corte Permanente de Arbitraje, con sede en Par\u00eds, bajo reglamento de la Comisi\u00f3n de Naciones Unidas para el Derecho Mercantil Internacional (CNUDMI \u2013 UNCITRAL).<\/p>\n","protected":false},"excerpt":{"rendered":"<p>Bolivia festeja una de sus pocas victorias en tribunales internacionales. Una corte internacional determin\u00f3 que el Estado boliviano no pagar\u00e1 cerca de $us 500 millones de indemnizaci\u00f3n por la expropiaci\u00f3n de dos concesiones a de la empresa la compa\u00f1\u00eda minera Orlandini. Esta es una de las pocas victorias en materia de controversias por confiscaciones o [&hellip;]<\/p>\n","protected":false},"author":4,"featured_media":60750,"comment_status":"open","ping_status":"closed","sticky":false,"template":"","format":"standard","meta":{"footnotes":""},"categories":[25,45,48],"tags":[],"class_list":{"0":"post-60749","1":"post","2":"type-post","3":"status-publish","4":"format-standard","5":"has-post-thumbnail","7":"category-economia","8":"category-portada-economia","9":"category-portada-general-sitio"},"_links":{"self":[{"href":"https:\/\/jms.com.bo\/mediamonitor\/wp-json\/wp\/v2\/posts\/60749","targetHints":{"allow":["GET"]}}],"collection":[{"href":"https:\/\/jms.com.bo\/mediamonitor\/wp-json\/wp\/v2\/posts"}],"about":[{"href":"https:\/\/jms.com.bo\/mediamonitor\/wp-json\/wp\/v2\/types\/post"}],"author":[{"embeddable":true,"href":"https:\/\/jms.com.bo\/mediamonitor\/wp-json\/wp\/v2\/users\/4"}],"replies":[{"embeddable":true,"href":"https:\/\/jms.com.bo\/mediamonitor\/wp-json\/wp\/v2\/comments?post=60749"}],"version-history":[{"count":0,"href":"https:\/\/jms.com.bo\/mediamonitor\/wp-json\/wp\/v2\/posts\/60749\/revisions"}],"wp:featuredmedia":[{"embeddable":true,"href":"https:\/\/jms.com.bo\/mediamonitor\/wp-json\/wp\/v2\/media\/60750"}],"wp:attachment":[{"href":"https:\/\/jms.com.bo\/mediamonitor\/wp-json\/wp\/v2\/media?parent=60749"}],"wp:term":[{"taxonomy":"category","embeddable":true,"href":"https:\/\/jms.com.bo\/mediamonitor\/wp-json\/wp\/v2\/categories?post=60749"},{"taxonomy":"post_tag","embeddable":true,"href":"https:\/\/jms.com.bo\/mediamonitor\/wp-json\/wp\/v2\/tags?post=60749"}],"curies":[{"name":"wp","href":"https:\/\/api.w.org\/{rel}","templated":true}]}}