{"id":60753,"date":"2023-11-08T07:01:44","date_gmt":"2023-11-08T11:01:44","guid":{"rendered":"https:\/\/jms.com.bo\/mediamonitor\/2023\/11\/08\/cre-advierte-de-consumo-record-de-energia-por-la-ola-de-calor\/"},"modified":"2023-11-08T07:01:44","modified_gmt":"2023-11-08T11:01:44","slug":"cre-advierte-de-consumo-record-de-energia-por-la-ola-de-calor","status":"publish","type":"post","link":"https:\/\/jms.com.bo\/mediamonitor\/2023\/11\/08\/cre-advierte-de-consumo-record-de-energia-por-la-ola-de-calor\/","title":{"rendered":"CRE advierte de consumo r\u00e9cord de energ\u00eda por la ola de calor"},"content":{"rendered":"<p style=\"text-align: justify;\">La temperatura en Santa Cruz se incrementa y con ella tambi\u00e9n el consumo de energ\u00eda el\u00e9ctrica. Desde la Cooperativa Rural de Electrificaci\u00f3n (CRE) hacen un llamado a la poblaci\u00f3n a realizar un consumo consciente, racional y eficiente de esta energ\u00eda.<\/p>\n<p style=\"text-align: justify;\">El pasado 23 de octubre, alrededor de las 15:15 se lleg\u00f3 a un consumo de 810 megavatios de potencia, un r\u00e9cord en la CRE, cuyo anterior pico fue de 768 megavatios (29 de noviembre de 2022), inform\u00f3 Jaime Sarabia, gerente interino de Operaciones.<\/p>\n<p style=\"text-align: justify;\">\u201cY si el comportamiento contin\u00faa con los niveles que vemos actualmente, es muy probable que en las pr\u00f3ximas horas se alcance una nueva cifra hist\u00f3rica\u201d, a\u00f1adi\u00f3.<\/p>\n<p style=\"text-align: justify;\">Sarabia asegur\u00f3 que, a pesar del creciente consumo de energ\u00eda, la CRE garantiza \u00abun servicio de calidad, con eficiencia y confiabilidad\u00bb. Sin embargo, advirti\u00f3 que la Cooperativa se mantiene alerta porque los picos de demanda pueden ocasionar la sobrecarga de algunos transformadores instalados en las calles o fluctuaciones en los niveles de tensi\u00f3n; manifest\u00f3 que en algunas zonas se ha superado el consumo planificado para los pr\u00f3ximos a\u00f1os.<\/p>\n<p style=\"text-align: justify;\">Amilkar Jald\u00edn, vocero de la CRE, indic\u00f3 que se vienen m\u00e1s d\u00edas con temperaturas elevadas, por lo que recomend\u00f3 tomarlo en cuenta y recordar que el consumo es responsabilidad de cada usuario, y que ese gasto de energ\u00eda se ve reflejado en la factura por este servicio.<\/p>\n<p style=\"text-align: justify;\">Sarabia sostuvo que es importante un \u201cuso criterioso de equipos el\u00e9ctricos para evitar sorpresas a fin de mes, cuando nos llega la factura\u201d.<\/p>\n<p style=\"text-align: justify;\">Jald\u00edn indic\u00f3 que los aparatos acondicionadores de aire son los que m\u00e1s energ\u00eda el\u00e9ctrica consumen, por lo cual aconsej\u00f3 mantener la temperatura de estos equipos en entre 23\u00b0C y 24\u00b0C y no dejarlos encendidos cuando no hay gente en los ambientes, con el objetivo de que estos permanezcan frescos cuando las personas vuelven al lugar. Describi\u00f3 esta pr\u00e1ctica como un despilfarro de energ\u00eda el\u00e9ctrica.<\/p>\n<p style=\"text-align: justify;\">La CRE recomienda observar el uso de aparatos el\u00e9ctricos, como planchas, refrigeradores y otros, cuyo consumo de energ\u00eda puede ser reemplazado por versiones que funcionan a gas, pues usar estas \u00faltimas puede ayudar a ahorrar energ\u00eda el\u00e9ctrica. Sobre la ducha, recomiendan que no dure m\u00e1s de 10 minutos.<\/p>\n<p style=\"text-align: justify;\">Saravia explic\u00f3 que, cuando se registran altas temperaturas, existen dos picos de consumo en el d\u00eda, el primero a partir de las 15:00, y el segundo desde las 18:00. Sin embargo, cuando la temperatura del d\u00eda es \u2018normal\u2019, o cuando no hay olas de calor, el pico del consumo de energ\u00eda el\u00e9ctrica solo es uno, y sucede a partir de las 18:00.<\/p>\n","protected":false},"excerpt":{"rendered":"<p>La temperatura en Santa Cruz se incrementa y con ella tambi\u00e9n el consumo de energ\u00eda el\u00e9ctrica. Desde la Cooperativa Rural de Electrificaci\u00f3n (CRE) hacen un llamado a la poblaci\u00f3n a realizar un consumo consciente, racional y eficiente de esta energ\u00eda. El pasado 23 de octubre, alrededor de las 15:15 se lleg\u00f3 a un consumo de [&hellip;]<\/p>\n","protected":false},"author":4,"featured_media":60754,"comment_status":"open","ping_status":"closed","sticky":false,"template":"","format":"standard","meta":{"footnotes":""},"categories":[39,44,48],"tags":[],"class_list":{"0":"post-60753","1":"post","2":"type-post","3":"status-publish","4":"format-standard","5":"has-post-thumbnail","7":"category-energia","8":"category-portada-energia","9":"category-portada-general-sitio"},"_links":{"self":[{"href":"https:\/\/jms.com.bo\/mediamonitor\/wp-json\/wp\/v2\/posts\/60753","targetHints":{"allow":["GET"]}}],"collection":[{"href":"https:\/\/jms.com.bo\/mediamonitor\/wp-json\/wp\/v2\/posts"}],"about":[{"href":"https:\/\/jms.com.bo\/mediamonitor\/wp-json\/wp\/v2\/types\/post"}],"author":[{"embeddable":true,"href":"https:\/\/jms.com.bo\/mediamonitor\/wp-json\/wp\/v2\/users\/4"}],"replies":[{"embeddable":true,"href":"https:\/\/jms.com.bo\/mediamonitor\/wp-json\/wp\/v2\/comments?post=60753"}],"version-history":[{"count":0,"href":"https:\/\/jms.com.bo\/mediamonitor\/wp-json\/wp\/v2\/posts\/60753\/revisions"}],"wp:featuredmedia":[{"embeddable":true,"href":"https:\/\/jms.com.bo\/mediamonitor\/wp-json\/wp\/v2\/media\/60754"}],"wp:attachment":[{"href":"https:\/\/jms.com.bo\/mediamonitor\/wp-json\/wp\/v2\/media?parent=60753"}],"wp:term":[{"taxonomy":"category","embeddable":true,"href":"https:\/\/jms.com.bo\/mediamonitor\/wp-json\/wp\/v2\/categories?post=60753"},{"taxonomy":"post_tag","embeddable":true,"href":"https:\/\/jms.com.bo\/mediamonitor\/wp-json\/wp\/v2\/tags?post=60753"}],"curies":[{"name":"wp","href":"https:\/\/api.w.org\/{rel}","templated":true}]}}