{"id":60759,"date":"2023-11-08T07:11:57","date_gmt":"2023-11-08T11:11:57","guid":{"rendered":"https:\/\/jms.com.bo\/mediamonitor\/2023\/11\/08\/fuga-de-gas-en-un-ducto-genera-alarma-y-evacuacion-en-santa-cruz\/"},"modified":"2023-11-08T07:11:57","modified_gmt":"2023-11-08T11:11:57","slug":"fuga-de-gas-en-un-ducto-genera-alarma-y-evacuacion-en-santa-cruz","status":"publish","type":"post","link":"https:\/\/jms.com.bo\/mediamonitor\/2023\/11\/08\/fuga-de-gas-en-un-ducto-genera-alarma-y-evacuacion-en-santa-cruz\/","title":{"rendered":"Fuga de gas en un ducto genera alarma y evacuaci\u00f3n en Santa Cruz"},"content":{"rendered":"<p style=\"text-align: justify;\">Una fuga de gas en un ducto se report\u00f3 en el 8vo anillo y Radial 17 1\/2, cerca de la Doble V\u00eda a La Guardia, zona oeste de la capital cruce\u00f1a, la ma\u00f1ana de este martes. De acuerdo al reporte preliminar, en la zona se ejecutaban labores en un canal de drenaje y uno de los tractores que se utilizaban habr\u00eda causado el da\u00f1o.<\/p>\n<p style=\"text-align: justify;\">Cerca de las 12:00, el lugar estaba acordonado y personal especializado hab\u00eda comenzado la tarea para controlar esta emergencia que ha causado zozobra entre los vecinos.<\/p>\n<p style=\"text-align: justify;\">Se inform\u00f3 tambi\u00e9n, que como medida de prevenci\u00f3n, se dispuso la evacuaci\u00f3n de las personas que habitan la zona, adem\u00e1s que se ha pedido a los negocios y locales de comida que cierren sus puertas y no se brinde atenci\u00f3n.<\/p>\n<p style=\"text-align: justify;\">En las redes sociales se publicaron videos de esta emergencia que es atendida por Bomberos y personal especializado que realizan su labor con extrema precauci\u00f3n ante lo implica una fuga de gas en un ducto, adem\u00e1s, a esto se debe sumar que en la capital cruce\u00f1a se registran este martes temperaturas que superan los 35\u00baC.<\/p>\n","protected":false},"excerpt":{"rendered":"<p>Una fuga de gas en un ducto se report\u00f3 en el 8vo anillo y Radial 17 1\/2, cerca de la Doble V\u00eda a La Guardia, zona oeste de la capital cruce\u00f1a, la ma\u00f1ana de este martes. De acuerdo al reporte preliminar, en la zona se ejecutaban labores en un canal de drenaje y uno de [&hellip;]<\/p>\n","protected":false},"author":4,"featured_media":60760,"comment_status":"open","ping_status":"closed","sticky":false,"template":"","format":"standard","meta":{"footnotes":""},"categories":[40,23,48,43],"tags":[],"class_list":{"0":"post-60759","1":"post","2":"type-post","3":"status-publish","4":"format-standard","5":"has-post-thumbnail","7":"category-bolivia","8":"category-hidrocarburos","9":"category-portada-general-sitio","10":"category-portada-oil-gas"},"_links":{"self":[{"href":"https:\/\/jms.com.bo\/mediamonitor\/wp-json\/wp\/v2\/posts\/60759","targetHints":{"allow":["GET"]}}],"collection":[{"href":"https:\/\/jms.com.bo\/mediamonitor\/wp-json\/wp\/v2\/posts"}],"about":[{"href":"https:\/\/jms.com.bo\/mediamonitor\/wp-json\/wp\/v2\/types\/post"}],"author":[{"embeddable":true,"href":"https:\/\/jms.com.bo\/mediamonitor\/wp-json\/wp\/v2\/users\/4"}],"replies":[{"embeddable":true,"href":"https:\/\/jms.com.bo\/mediamonitor\/wp-json\/wp\/v2\/comments?post=60759"}],"version-history":[{"count":0,"href":"https:\/\/jms.com.bo\/mediamonitor\/wp-json\/wp\/v2\/posts\/60759\/revisions"}],"wp:featuredmedia":[{"embeddable":true,"href":"https:\/\/jms.com.bo\/mediamonitor\/wp-json\/wp\/v2\/media\/60760"}],"wp:attachment":[{"href":"https:\/\/jms.com.bo\/mediamonitor\/wp-json\/wp\/v2\/media?parent=60759"}],"wp:term":[{"taxonomy":"category","embeddable":true,"href":"https:\/\/jms.com.bo\/mediamonitor\/wp-json\/wp\/v2\/categories?post=60759"},{"taxonomy":"post_tag","embeddable":true,"href":"https:\/\/jms.com.bo\/mediamonitor\/wp-json\/wp\/v2\/tags?post=60759"}],"curies":[{"name":"wp","href":"https:\/\/api.w.org\/{rel}","templated":true}]}}