{"id":60787,"date":"2023-11-09T06:43:49","date_gmt":"2023-11-09T10:43:49","guid":{"rendered":"https:\/\/jms.com.bo\/mediamonitor\/2023\/11\/09\/en-dos-meses-iata-elaborara-un-plan-estrategico-y-un-plan-de-negocios-para-la-implementacion-del-hub-viru-viru\/"},"modified":"2023-11-09T06:43:49","modified_gmt":"2023-11-09T10:43:49","slug":"en-dos-meses-iata-elaborara-un-plan-estrategico-y-un-plan-de-negocios-para-la-implementacion-del-hub-viru-viru","status":"publish","type":"post","link":"https:\/\/jms.com.bo\/mediamonitor\/2023\/11\/09\/en-dos-meses-iata-elaborara-un-plan-estrategico-y-un-plan-de-negocios-para-la-implementacion-del-hub-viru-viru\/","title":{"rendered":"En dos meses, IATA elaborar\u00e1 un plan estrat\u00e9gico y un plan de negocios para la implementaci\u00f3n del hub Viru Viru"},"content":{"rendered":"<p style=\"text-align: justify;\">Este mi\u00e9rcoles, representantes de Navegaci\u00f3n A\u00e9rea y Aeropuertos Bolivianos (Naabol) y de la International Air Transport Association (IATA) firmaron un contrato para la realizaci\u00f3n de una consultor\u00eda para la elaboraci\u00f3n del plan estrat\u00e9gico y del plan de negocios para la implementaci\u00f3n del hub de pasajeros y carga en el aeropuerto internacional de Viru Viru.<\/p>\n<p style=\"text-align: justify;\">Elmer Pozo, director ejecutivo de Naabol, manifest\u00f3 que en una primera fase se buscar\u00e1 que Viru viru sea un aeropuerto competitivo, como terminal a\u00e9rea internacional. Los resultados estar\u00e1n en dos meses.<\/p>\n<p style=\"text-align: justify;\">\u201cEste trabajo de consultor\u00eda nos permitir\u00e1 mejorar y optimizar: los espacios de infraestructura, plataforma, calles de rodaje, pista y las facilidades que debemos dar a todos nuestros pasajeros y usuarios\u201d, explic\u00f3.<\/p>\n<p style=\"text-align: justify;\">Pozo se\u00f1al\u00f3 que ya se hicieron trabajos de ampliaci\u00f3n de la zona de preembarque nacional de Viru Viru y que se ha invertido m\u00e1s de Bs 9 millones para la adquisici\u00f3n de equipos de rayos X para el control de maletas facturadas. Tambi\u00e9n indic\u00f3 que debido al crecimiento de las operaciones aeron\u00e1uticas se ha contemplado la ampliaci\u00f3n de la plataforma comercial N\u00famero 8, con un pasillo y un puente de abordaje.<\/p>\n<p style=\"text-align: justify;\">Sobre la elecci\u00f3n de IATA argument\u00f3: \u201cPorque en la actualidad est\u00e1 conformada por m\u00e1s de 290 compa\u00f1\u00edas a\u00e9reas, est\u00e1 en m\u00e1s de 120 pa\u00edses y ocupa m\u00e1s del 80% del total del tr\u00e1fico a\u00e9reo\u201d.<\/p>\n<p style=\"text-align: justify;\">Por su parte, Ronald Schaefer, consultor senior de IATA, corrobor\u00f3 esa informaci\u00f3n y a\u00f1adi\u00f3 que esa organizaci\u00f3n trabaja en diferentes proyectos estudios de mercado, eficiencia y seguridad; indic\u00f3 que lleva m\u00e1s de 750 proyectos en los \u00faltimos a\u00f1os.<\/p>\n<p style=\"text-align: justify;\">\u201cLo que vamos a hacer aqu\u00ed es, como primera fase, evaluar el potencial que tiene el aeropuerto internacional de Viru viru, a trav\u00e9s de unos estudios de mercado; desarrollar un plan de negocios y tambi\u00e9n crear un marco estrat\u00e9gico, para evaluar c\u00f3mo se puede posicionar el aeropuerto internacional de Viru viru en esta regi\u00f3n, para ser competitivo y contribuir al bienestar de Bolivia\u201d, sostuvo en conferencia de prensa.<\/p>\n<p style=\"text-align: justify;\">Por su parte, el ministro de Obras P\u00fablicas, \u00c9dgar Monta\u00f1o, manifest\u00f3 que buscan reactivar el turismo en el pa\u00eds y que este hub lo har\u00e1 posible, adem\u00e1s de que beneficiar\u00e1 a \u201cproductores, exportadores y al pueblo en general\u201d.<\/p>\n","protected":false},"excerpt":{"rendered":"<p>Este mi\u00e9rcoles, representantes de Navegaci\u00f3n A\u00e9rea y Aeropuertos Bolivianos (Naabol) y de la International Air Transport Association (IATA) firmaron un contrato para la realizaci\u00f3n de una consultor\u00eda para la elaboraci\u00f3n del plan estrat\u00e9gico y del plan de negocios para la implementaci\u00f3n del hub de pasajeros y carga en el aeropuerto internacional de Viru Viru. Elmer [&hellip;]<\/p>\n","protected":false},"author":4,"featured_media":60788,"comment_status":"open","ping_status":"closed","sticky":false,"template":"","format":"standard","meta":{"footnotes":""},"categories":[25],"tags":[],"class_list":{"0":"post-60787","1":"post","2":"type-post","3":"status-publish","4":"format-standard","5":"has-post-thumbnail","7":"category-economia"},"_links":{"self":[{"href":"https:\/\/jms.com.bo\/mediamonitor\/wp-json\/wp\/v2\/posts\/60787","targetHints":{"allow":["GET"]}}],"collection":[{"href":"https:\/\/jms.com.bo\/mediamonitor\/wp-json\/wp\/v2\/posts"}],"about":[{"href":"https:\/\/jms.com.bo\/mediamonitor\/wp-json\/wp\/v2\/types\/post"}],"author":[{"embeddable":true,"href":"https:\/\/jms.com.bo\/mediamonitor\/wp-json\/wp\/v2\/users\/4"}],"replies":[{"embeddable":true,"href":"https:\/\/jms.com.bo\/mediamonitor\/wp-json\/wp\/v2\/comments?post=60787"}],"version-history":[{"count":0,"href":"https:\/\/jms.com.bo\/mediamonitor\/wp-json\/wp\/v2\/posts\/60787\/revisions"}],"wp:featuredmedia":[{"embeddable":true,"href":"https:\/\/jms.com.bo\/mediamonitor\/wp-json\/wp\/v2\/media\/60788"}],"wp:attachment":[{"href":"https:\/\/jms.com.bo\/mediamonitor\/wp-json\/wp\/v2\/media?parent=60787"}],"wp:term":[{"taxonomy":"category","embeddable":true,"href":"https:\/\/jms.com.bo\/mediamonitor\/wp-json\/wp\/v2\/categories?post=60787"},{"taxonomy":"post_tag","embeddable":true,"href":"https:\/\/jms.com.bo\/mediamonitor\/wp-json\/wp\/v2\/tags?post=60787"}],"curies":[{"name":"wp","href":"https:\/\/api.w.org\/{rel}","templated":true}]}}