{"id":60789,"date":"2023-11-09T06:45:17","date_gmt":"2023-11-09T10:45:17","guid":{"rendered":"https:\/\/jms.com.bo\/mediamonitor\/2023\/11\/09\/lucho-defiende-su-modelo-economico-que-esta-agotado-segun-analistas\/"},"modified":"2023-11-09T06:45:17","modified_gmt":"2023-11-09T10:45:17","slug":"lucho-defiende-su-modelo-economico-que-esta-agotado-segun-analistas","status":"publish","type":"post","link":"https:\/\/jms.com.bo\/mediamonitor\/2023\/11\/09\/lucho-defiende-su-modelo-economico-que-esta-agotado-segun-analistas\/","title":{"rendered":"\u2018Lucho\u2019 defiende su modelo econ\u00f3mico que \u201cest\u00e1 agotado\u201d, seg\u00fan analistas"},"content":{"rendered":"<p style=\"text-align: justify;\">La econom\u00eda como el eje de su discurso. As\u00ed planteo, el presidente Luis Arce o como le dicen sus seguidores \u2018Lucho\u2019, el mensaje que dio a la poblaci\u00f3n por el tercer aniversario de su gesti\u00f3n.<\/p>\n<p style=\"text-align: justify;\">De entrada hizo referencia a la situaci\u00f3n internacional, a la crisis generada por la pandemia, la guerra en Ucrania y la violencia en Israel y Palestina.<\/p>\n<p style=\"text-align: justify;\">Eso le permiti\u00f3 argumentar que en la actualidad hay una crisis \u201cmultidimensional y paradigm\u00e1tica\u201d, de la que Bolivia no es ajena.<\/p>\n<p style=\"text-align: justify;\">\u201cLas guerras de este \u00faltimo tiempo, est\u00e1n elevando los precios de las materias primas, petr\u00f3leo, fertilizantes, alimentos, y otros. Estos factores externos, junto a la problem\u00e1tica interna y el sabotaje econ\u00f3mico, afectan negativamente a nuestro crecimiento y a las normales actividades econ\u00f3micas en nuestro pa\u00eds, como pas\u00f3 en el periodo de escasez de d\u00f3lares, los problemas de abastecimiento de petr\u00f3leo, que es importado, y la ca\u00edda en la producci\u00f3n de hidrocarburos, que est\u00e1n siendo enfrentados y superados paulatinamente\u201d, remarc\u00f3 el jefe de Estado.<\/p>\n<p style=\"text-align: justify;\">Para inmediatamente sacar a relucir que, a pesar de este entramado negativo, en los 36 meses que lleva de gesti\u00f3n, la reconstrucci\u00f3n de la econom\u00eda es un hecho.<\/p>\n<p style=\"text-align: justify;\">\u00bfLa receta para lograr esto? El Modelo Econ\u00f3mico Social Comunitario Productivo, \u201checho por profesionales bolivianos, para los bolivianos, que nos contin\u00faa dando satisfacciones\u201d.<\/p>\n<p style=\"text-align: justify;\">Un modelo econ\u00f3mico que para Arce permiti\u00f3 que el pa\u00eds crezca con redistribuci\u00f3n de los ingresos, situaci\u00f3n que permiti\u00f3 que el \u00cdndice de Gini lleg\u00f3 al 0.420 en 2021, \u201cel m\u00e1s bajo de nuestra historia, al igual que la pobreza extrema se redujo a 11,1% en 2021, ratificando nuestra vocaci\u00f3n de crecimiento con justicia social\u201d.<\/p>\n<p style=\"text-align: justify;\">El primer mandatario subray\u00f3 que el crecimiento promedio de Bolivia en los dos primeros a\u00f1os de su Gobierno, a pesar de la dr\u00e1stica ca\u00edda de los ingresos por exportaci\u00f3n de gas, fue del 4,8%, aspecto que permiti\u00f3 incrementar el Salario M\u00ednimo Nacional en 2022 y 2023 en un 4% y 5%, respectivamente; \u201cmantener controlada la inflaci\u00f3n, que al mes de octubre alcanz\u00f3 el 1,48%, la cifra m\u00e1s baja de la regi\u00f3n y una de las m\u00e1s bajas del mundo; y una tasa de desocupaci\u00f3n de 4%, la menor de Am\u00e9rica del Sur\u201d.<\/p>\n<p style=\"text-align: justify;\">Sin embargo, los analistas consultados precisaron que la actual coyuntura econ\u00f3mica est\u00e1 alejada de la abundancia y certidumbre de los primeros a\u00f1os de Gobierno del MAS, por lo que el vigente modelo econ\u00f3mico es obsoleto y se encuentra agotado para poder responder de la mejor manera a los nuevos desaf\u00edos econ\u00f3micos.<\/p>\n<p style=\"text-align: justify;\">Jos\u00e9 Gabriel Espinoza, analista econ\u00f3mico, indic\u00f3 que no hay sorpresa en el discurso de Arce y lament\u00f3 que no haya una autoevaluaci\u00f3n m\u00e1s detallada y solo se trate de explicar la situaci\u00f3n econ\u00f3mica a partir de los eventos internacionales.<\/p>\n<p style=\"text-align: justify;\">Espinoza remarc\u00f3 que Arce sigue insistiendo en una visi\u00f3n estatista y extractivista de la econom\u00eda, \u201cese es un modelo agotado. En donde solo el Estado y los recursos naturales permitir\u00e1n el crecimiento del pa\u00eds. Estas variables ya pueden seguir vigentes\u201d, se\u00f1al\u00f3 el economista.<\/p>\n<p style=\"text-align: justify;\">A su vez, el economista, Dar\u00edo Monasterio, fue m\u00e1s concluyente e indic\u00f3 que el actual modelo econ\u00f3mico est\u00e1 agotado porque tiene 10 a\u00f1os consecutivos de d\u00e9ficit fiscal; se basaba en la explotaci\u00f3n de los recursos naturales no renovables y la redistribuci\u00f3n de sus excedentes a trav\u00e9s del Estado empresario, el mercado interno, los bonos y la informalidad.<\/p>\n<p style=\"text-align: justify;\">\u201cLos excedentes ya no est\u00e1n m\u00e1s: ni el precio (alto) ni la cantidad (producci\u00f3n). Entonces no hay que redistribuir, ni como subvencionar empresas estatales. No reconocer errores ni enmendar el camino, es m\u00e1s bien un autosabotaje\u201d, concluy\u00f3 Monasterio.<\/p>\n<p style=\"text-align: justify;\">Industrializaci\u00f3n<\/p>\n<p style=\"text-align: justify;\">Arce apuesta todo al litio al anunciar que ya est\u00e1n comprometidos m\u00e1s de $us 2.800 millones para producir 100 mil toneladas de carbonato de litio a\u00f1o, son recursos que empresas chinas y rusas har\u00edan para desarrollar esta industria estrat\u00e9gica.<\/p>\n<p style=\"text-align: justify;\">Pero, para Monasterio la apuesta, que realiza el Gobierno, por el litio tiene un largo proceso en una carrera de largo plazo (10 a\u00f1os) \u201cen la que ya hemos salido tarde con respecto a nuestros competidores (Argentina y Chile)\u201d, puntualiz\u00f3 el economista, que se mostr\u00f3 cauto en este proyecto de industrializaci\u00f3n.<\/p>\n","protected":false},"excerpt":{"rendered":"<p>La econom\u00eda como el eje de su discurso. As\u00ed planteo, el presidente Luis Arce o como le dicen sus seguidores \u2018Lucho\u2019, el mensaje que dio a la poblaci\u00f3n por el tercer aniversario de su gesti\u00f3n. De entrada hizo referencia a la situaci\u00f3n internacional, a la crisis generada por la pandemia, la guerra en Ucrania y [&hellip;]<\/p>\n","protected":false},"author":4,"featured_media":60790,"comment_status":"open","ping_status":"closed","sticky":false,"template":"","format":"standard","meta":{"footnotes":""},"categories":[25],"tags":[],"class_list":{"0":"post-60789","1":"post","2":"type-post","3":"status-publish","4":"format-standard","5":"has-post-thumbnail","7":"category-economia"},"_links":{"self":[{"href":"https:\/\/jms.com.bo\/mediamonitor\/wp-json\/wp\/v2\/posts\/60789","targetHints":{"allow":["GET"]}}],"collection":[{"href":"https:\/\/jms.com.bo\/mediamonitor\/wp-json\/wp\/v2\/posts"}],"about":[{"href":"https:\/\/jms.com.bo\/mediamonitor\/wp-json\/wp\/v2\/types\/post"}],"author":[{"embeddable":true,"href":"https:\/\/jms.com.bo\/mediamonitor\/wp-json\/wp\/v2\/users\/4"}],"replies":[{"embeddable":true,"href":"https:\/\/jms.com.bo\/mediamonitor\/wp-json\/wp\/v2\/comments?post=60789"}],"version-history":[{"count":0,"href":"https:\/\/jms.com.bo\/mediamonitor\/wp-json\/wp\/v2\/posts\/60789\/revisions"}],"wp:featuredmedia":[{"embeddable":true,"href":"https:\/\/jms.com.bo\/mediamonitor\/wp-json\/wp\/v2\/media\/60790"}],"wp:attachment":[{"href":"https:\/\/jms.com.bo\/mediamonitor\/wp-json\/wp\/v2\/media?parent=60789"}],"wp:term":[{"taxonomy":"category","embeddable":true,"href":"https:\/\/jms.com.bo\/mediamonitor\/wp-json\/wp\/v2\/categories?post=60789"},{"taxonomy":"post_tag","embeddable":true,"href":"https:\/\/jms.com.bo\/mediamonitor\/wp-json\/wp\/v2\/tags?post=60789"}],"curies":[{"name":"wp","href":"https:\/\/api.w.org\/{rel}","templated":true}]}}