{"id":60813,"date":"2023-11-10T06:56:15","date_gmt":"2023-11-10T10:56:15","guid":{"rendered":"https:\/\/jms.com.bo\/mediamonitor\/2023\/11\/10\/san-agustin-de-punaca-el-ayllu-orureno-contaminado-con-arsenico-al-que-nadie-atiende\/"},"modified":"2023-11-10T07:04:50","modified_gmt":"2023-11-10T11:04:50","slug":"san-agustin-de-punaca-el-ayllu-orureno-contaminado-con-arsenico-al-que-nadie-atiende","status":"publish","type":"post","link":"https:\/\/jms.com.bo\/mediamonitor\/2023\/11\/10\/san-agustin-de-punaca-el-ayllu-orureno-contaminado-con-arsenico-al-que-nadie-atiende\/","title":{"rendered":"San Agust\u00edn de Pu\u00f1aca, el ayllu orure\u00f1o contaminado con ars\u00e9nico al que nadie atiende"},"content":{"rendered":"<p style=\"text-align: justify;\">Autoridades del ayllu San Agust\u00edn de Pu\u00f1aca (Oruro) denunciaron que se enfrentan a una \u201ccrisis de salud p\u00fablica\u201d, luego de que una prueba laboratorial confirm\u00f3 la intoxicaci\u00f3n por metales pesados en el 100% de los comunarios que participaron en el estudio.<\/p>\n<p style=\"text-align: justify;\">Piden a las autoridades una programa de salud especializado, frenar las operaciones de las empresas mineras sin licencia ambiental y la dotaci\u00f3n de agua segura y forraje. En la zona tambi\u00e9n se encuentra Huanuni.<\/p>\n<p style=\"text-align: justify;\">\u201cLos datos muestran que nos enfrentamos a una crisis de salud p\u00fablica y por tanto exigimos a las autoridades que tomen las medidas necesarias, de manera inmediata, para proteger la vida y el bienestar de nuestras comunidades, familias, ni\u00f1os y mujeres afectadas por la actividad minera\u201d, afirm\u00f3 el mallku del ayllu, Prudencio Poma.<\/p>\n<p style=\"text-align: justify;\">El 7 de septiembre, en coordinaci\u00f3n con el Centro de Salud Poop\u00f3, CENDA y el Laboratorio Cetox, de Per\u00fa, tomaron muestras de sangre y orina a 20 comunarios. El 100% de las muestras present\u00f3 concentraciones de ars\u00e9nico, que oscilan entre 17,6 y 215,64 \u00b5g\/L (microgramo por litro), valores muy superiores al l\u00edmite referido por la Uni\u00f3n Europea (UE), que es de 15 \u00b5g\/L.<\/p>\n<p style=\"text-align: justify;\">Asimismo, cuatro personas presentaron niveles detectables de plomo en sangre; con 7,20 \u00b5g\/L, una de ellas supera los niveles referenciales de 5 \u00b5g\/L. Dos personas presentaron niveles detectables de cadmio en el organismo, una duplica el valor referencial de 1 \u00b5g\/L.<\/p>\n<p style=\"text-align: justify;\">En vista de la grave situaci\u00f3n, que se repite en todas las comunidades afectadas por la miner\u00eda, en tierras altas y bajas, los comunarios exigen al menos tres medidas inmediatas.<\/p>\n<p style=\"text-align: justify;\">La primera es la implementaci\u00f3n de un programa de salud especializado, que est\u00e9 destinado a la atenci\u00f3n integral de los afectados por la contaminaci\u00f3n minera. Este programa debe abordar la prevenci\u00f3n, detecci\u00f3n temprana y el tratamiento gratuito para las condiciones de salud derivadas de la exposici\u00f3n a metales pesados.<\/p>\n<p style=\"text-align: justify;\">Como segunda demanda, plantearon la paralizaci\u00f3n inmediata de todas las empresas mineras y cooperativas que operen sin contar con la debida licencia ambiental.<\/p>\n<p style=\"text-align: justify;\">\u201cEsta medida es imperativa para detener la contaminaci\u00f3n y para garantizar la integridad de nuestra salud y el entorno natural\u201d, afirm\u00f3 Poma.<\/p>\n<p style=\"text-align: justify;\">Por \u00faltimo, demandaron la provisi\u00f3n inmediata de agua potable y forraje para los territorios que est\u00e1n siendo gravemente afectados por la contaminaci\u00f3n y la escasez h\u00eddrica, ya que hasta los animales consumen el pasto con agua de dudosa pureza.<\/p>\n<p style=\"text-align: justify;\">Las denuncias del ayllu sobre la contaminaci\u00f3n minera no son recientes, ya en 2021 presentaron una Acci\u00f3n Popular ante el Tribunal Departamental de Justicia de Oruro.<\/p>\n<p style=\"text-align: justify;\">Luego de un rechazo y una apelaci\u00f3n en la Sala Constitucional Segunda del Tribunal de Justicia, la medida decant\u00f3 en la Sentencia Constitucional Plurinacional 1471\/2022-S3, que orden\u00f3 al Ministerio de Medio Ambiente y Agua (MMAyA), al Ministerio de Salud y Deportes, a la Gobernaci\u00f3n de Oruro, y a la Alcald\u00eda de Poop\u00f3, que realicen los estudios de la calidad del agua del ayllu, para ver si esta era apta para el consumo humano y el uso agropecuario.<\/p>\n<p style=\"text-align: justify;\">Pese a que los resultados de las pruebas del Ministerio de Medio Ambiente, hechas en siete puntos del Ayllu, que evidenciaron la presencia de metales pesados en varias muestras, el informe presentado por el MMAyA y el Ministerio de Salud afirm\u00f3 que \u00abno hay contaminaci\u00f3n causada por la mano del hombre\u00bb.<\/p>\n<p style=\"text-align: justify;\">\u201cHemos presentado un Recurso de Queja al Tribunal Constitucional Plurinacional. Hemos adjuntado los resultados detallados sobre la calidad del agua, que muestran que esta no es apta para consumo y que la contaminaci\u00f3n proviene de las actividades mineras. Tambi\u00e9n se adjuntaron los resultados del an\u00e1lisis de metales en el cuerpo de los pobladores de mi ayllu\u201d, finaliz\u00f3 Poma.<\/p>\n<p style=\"text-align: justify;\">La Organizaci\u00f3n Mundial de la Salud clasifica al ars\u00e9nico y al cadmio como cancer\u00edgenos y al plomo como posible cancer\u00edgeno.<\/p>\n<p style=\"text-align: justify;\">Estos elementos cuentan con un alto grado de efectos de toxicidad, que var\u00edan desde n\u00e1useas y v\u00f3mitos hasta diversos tipos de c\u00e1ncer. En el caso del ars\u00e9nico la exposici\u00f3n cr\u00f3nica puede causar la muerte.<\/p>\n","protected":false},"excerpt":{"rendered":"<p>Autoridades del ayllu San Agust\u00edn de Pu\u00f1aca (Oruro) denunciaron que se enfrentan a una \u201ccrisis de salud p\u00fablica\u201d, luego de que una prueba laboratorial confirm\u00f3 la intoxicaci\u00f3n por metales pesados en el 100% de los comunarios que participaron en el estudio. Piden a las autoridades una programa de salud especializado, frenar las operaciones de las [&hellip;]<\/p>\n","protected":false},"author":4,"featured_media":60814,"comment_status":"open","ping_status":"closed","sticky":false,"template":"","format":"standard","meta":{"footnotes":""},"categories":[20],"tags":[],"class_list":{"0":"post-60813","1":"post","2":"type-post","3":"status-publish","4":"format-standard","5":"has-post-thumbnail","7":"category-actualidad"},"_links":{"self":[{"href":"https:\/\/jms.com.bo\/mediamonitor\/wp-json\/wp\/v2\/posts\/60813","targetHints":{"allow":["GET"]}}],"collection":[{"href":"https:\/\/jms.com.bo\/mediamonitor\/wp-json\/wp\/v2\/posts"}],"about":[{"href":"https:\/\/jms.com.bo\/mediamonitor\/wp-json\/wp\/v2\/types\/post"}],"author":[{"embeddable":true,"href":"https:\/\/jms.com.bo\/mediamonitor\/wp-json\/wp\/v2\/users\/4"}],"replies":[{"embeddable":true,"href":"https:\/\/jms.com.bo\/mediamonitor\/wp-json\/wp\/v2\/comments?post=60813"}],"version-history":[{"count":1,"href":"https:\/\/jms.com.bo\/mediamonitor\/wp-json\/wp\/v2\/posts\/60813\/revisions"}],"predecessor-version":[{"id":60815,"href":"https:\/\/jms.com.bo\/mediamonitor\/wp-json\/wp\/v2\/posts\/60813\/revisions\/60815"}],"wp:featuredmedia":[{"embeddable":true,"href":"https:\/\/jms.com.bo\/mediamonitor\/wp-json\/wp\/v2\/media\/60814"}],"wp:attachment":[{"href":"https:\/\/jms.com.bo\/mediamonitor\/wp-json\/wp\/v2\/media?parent=60813"}],"wp:term":[{"taxonomy":"category","embeddable":true,"href":"https:\/\/jms.com.bo\/mediamonitor\/wp-json\/wp\/v2\/categories?post=60813"},{"taxonomy":"post_tag","embeddable":true,"href":"https:\/\/jms.com.bo\/mediamonitor\/wp-json\/wp\/v2\/tags?post=60813"}],"curies":[{"name":"wp","href":"https:\/\/api.w.org\/{rel}","templated":true}]}}