{"id":60816,"date":"2023-11-10T07:06:39","date_gmt":"2023-11-10T11:06:39","guid":{"rendered":"https:\/\/jms.com.bo\/mediamonitor\/2023\/11\/10\/magistrados-se-declaran-en-emergencia\/"},"modified":"2023-11-10T07:06:39","modified_gmt":"2023-11-10T11:06:39","slug":"magistrados-se-declaran-en-emergencia","status":"publish","type":"post","link":"https:\/\/jms.com.bo\/mediamonitor\/2023\/11\/10\/magistrados-se-declaran-en-emergencia\/","title":{"rendered":"Magistrados se declaran en emergencia"},"content":{"rendered":"<p style=\"text-align: justify;\">La Asociaci\u00f3n de Magistrados de Bolivia (Amabol) se declar\u00f3 en estado de emergencia, seg\u00fan un pronunciamiento dice que es en \u201cdefensa de la independencia judicial\u201d, y demanda la protecci\u00f3n y preservaci\u00f3n de los \u201cjueces transitorios\u201d.<\/p>\n<p style=\"text-align: justify;\">Mediante un pronunciamiento, la Amabol demand\u00f3 respeto y reiter\u00f3 su \u201ccompromiso con la independencia judicial\u201d, un principio que est\u00e1 respaldado en las normas internas del pa\u00eds, jurisprudencia y derecho internacional.<\/p>\n<p style=\"text-align: justify;\">\u201cLa independencia judicial es esencial para mantener un sistema un sistema de justicia s\u00f3lido y respetuoso de los derechos de todos los ciudadanos\u201d, dice su manifiesto. No obstante, en varios informes internacionales y encuestas han develado la cr\u00edtica situaci\u00f3n del sistema judicial y la falta de independencia judicial en Bolivia.<\/p>\n<p style=\"text-align: justify;\">Los magistrados tambi\u00e9n salen en defensa de los \u201cjueces transitorios\u201d, se\u00f1alan que \u201cerr\u00f3neamente\u201d les colocaron ese denominativo. \u201cSubrayamos la necesidad de respetar\u201d a estos jueces. Se\u00f1alaron que su continuidad laboral \u201cdebe ser preservada\u201d, de acuerdo a la sentencia constitucional 704\/2020.<\/p>\n<p style=\"text-align: justify;\">Por otra parte, se\u00f1alan que tienen serias observaciones al proceso de evaluaci\u00f3n de jueces agroambientales, y demandan una evaluaci\u00f3n transparente.<\/p>\n<p style=\"text-align: justify;\">Instaron a las autoridades pol\u00edticas a cumplir con lo estipulado por ley y respetar su independencia judicial.<\/p>\n","protected":false},"excerpt":{"rendered":"<p>La Asociaci\u00f3n de Magistrados de Bolivia (Amabol) se declar\u00f3 en estado de emergencia, seg\u00fan un pronunciamiento dice que es en \u201cdefensa de la independencia judicial\u201d, y demanda la protecci\u00f3n y preservaci\u00f3n de los \u201cjueces transitorios\u201d. Mediante un pronunciamiento, la Amabol demand\u00f3 respeto y reiter\u00f3 su \u201ccompromiso con la independencia judicial\u201d, un principio que est\u00e1 respaldado [&hellip;]<\/p>\n","protected":false},"author":4,"featured_media":60817,"comment_status":"open","ping_status":"closed","sticky":false,"template":"","format":"standard","meta":{"footnotes":""},"categories":[49],"tags":[],"class_list":{"0":"post-60816","1":"post","2":"type-post","3":"status-publish","4":"format-standard","5":"has-post-thumbnail","7":"category-social"},"_links":{"self":[{"href":"https:\/\/jms.com.bo\/mediamonitor\/wp-json\/wp\/v2\/posts\/60816","targetHints":{"allow":["GET"]}}],"collection":[{"href":"https:\/\/jms.com.bo\/mediamonitor\/wp-json\/wp\/v2\/posts"}],"about":[{"href":"https:\/\/jms.com.bo\/mediamonitor\/wp-json\/wp\/v2\/types\/post"}],"author":[{"embeddable":true,"href":"https:\/\/jms.com.bo\/mediamonitor\/wp-json\/wp\/v2\/users\/4"}],"replies":[{"embeddable":true,"href":"https:\/\/jms.com.bo\/mediamonitor\/wp-json\/wp\/v2\/comments?post=60816"}],"version-history":[{"count":0,"href":"https:\/\/jms.com.bo\/mediamonitor\/wp-json\/wp\/v2\/posts\/60816\/revisions"}],"wp:featuredmedia":[{"embeddable":true,"href":"https:\/\/jms.com.bo\/mediamonitor\/wp-json\/wp\/v2\/media\/60817"}],"wp:attachment":[{"href":"https:\/\/jms.com.bo\/mediamonitor\/wp-json\/wp\/v2\/media?parent=60816"}],"wp:term":[{"taxonomy":"category","embeddable":true,"href":"https:\/\/jms.com.bo\/mediamonitor\/wp-json\/wp\/v2\/categories?post=60816"},{"taxonomy":"post_tag","embeddable":true,"href":"https:\/\/jms.com.bo\/mediamonitor\/wp-json\/wp\/v2\/tags?post=60816"}],"curies":[{"name":"wp","href":"https:\/\/api.w.org\/{rel}","templated":true}]}}