{"id":60820,"date":"2023-11-10T07:10:25","date_gmt":"2023-11-10T11:10:25","guid":{"rendered":"https:\/\/jms.com.bo\/mediamonitor\/2023\/11\/10\/incendios-afectaron-a-mas-de-3-millones-de-hectareas-en-el-pais\/"},"modified":"2023-11-10T07:10:25","modified_gmt":"2023-11-10T11:10:25","slug":"incendios-afectaron-a-mas-de-3-millones-de-hectareas-en-el-pais","status":"publish","type":"post","link":"https:\/\/jms.com.bo\/mediamonitor\/2023\/11\/10\/incendios-afectaron-a-mas-de-3-millones-de-hectareas-en-el-pais\/","title":{"rendered":"Incendios afectaron a m\u00e1s de 3 millones de hect\u00e1reas en el pa\u00eds"},"content":{"rendered":"<p style=\"text-align: justify;\">Seg\u00fan la Autoridad de Bosques y Tierra (ABT), a la fecha hay m\u00e1s de 3 millones de hect\u00e1reas (ha) afectadas por los chaqueos y los incendios ilegales en el pa\u00eds, por lo que se activaron 11 procesos penales.<\/p>\n<p style=\"text-align: justify;\">\u201cLas \u00e1reas afectadas que tenemos hasta el momento son de 3.032.434 hect\u00e1reas\u201d, indic\u00f3 el director de la ABT, Luis Flores, este jueves, en declaraciones difundidas por el canal estatal.<\/p>\n<p style=\"text-align: justify;\">Detall\u00f3 que el departamento de Beni fue el m\u00e1s afectado con 2.035.000 ha, seguido de Santa Cruz con 584.000 ha, La Paz con 272.000 ha, Cochabamba con 98.000 ha, Pando con 33.000 ha, Tarija con 3.000 ha, Chuquisaca con 2.000 ha, Potos\u00ed con 861 ha y Oruro con 640 ha quemadas.<\/p>\n<p style=\"text-align: justify;\">\u201cLos procesos penales que hemos instaurado como ABT a la actualidad son 11\u201d, indic\u00f3.<\/p>\n<p style=\"text-align: justify;\">Explic\u00f3 que estas demandas penales est\u00e1n en la etapa preliminar. Las investigaciones que realiza la Fiscal\u00eda se efect\u00faan en los municipios de Valle Grande, Guarayos, \u00d1uflo de Ch\u00e1vez, Palos Blancos y otros.<\/p>\n<p style=\"text-align: justify;\">Por otro lado, la situaci\u00f3n en el Parque Madidi es cr\u00edtica, los incendios forestales est\u00e1n azotando al \u00e1rea protegida, dos comunidades y un refugio de animalitos rescatados est\u00e1n en riesgo por el fuego que se expande a causa del viento. La alcald\u00eda de San Buenaventura analiza la evacuaci\u00f3n.<\/p>\n<p style=\"text-align: justify;\">\u201cDos comunidades de Villa Alcira y San Miguel ubicadas en el parque Madidi est\u00e1n amenazadas. Tambi\u00e9n un refugio de animalitos silvestres rescatados. El fuego est\u00e1 a tres kil\u00f3metros. Estamos pensando evacuar porque el fuego est\u00e1 muy cerca\u201d, inform\u00f3 el concejal del municipio de San Buenaventura, Idemar Tatjane Brathwaite.<\/p>\n<p style=\"text-align: justify;\">El concejal dijo que existen diferentes causas para los incendios, uno de ellos es la mano del hombre y su inconciencia porque no mide consecuencias de prender fuego en la selva.<\/p>\n","protected":false},"excerpt":{"rendered":"<p>Seg\u00fan la Autoridad de Bosques y Tierra (ABT), a la fecha hay m\u00e1s de 3 millones de hect\u00e1reas (ha) afectadas por los chaqueos y los incendios ilegales en el pa\u00eds, por lo que se activaron 11 procesos penales. \u201cLas \u00e1reas afectadas que tenemos hasta el momento son de 3.032.434 hect\u00e1reas\u201d, indic\u00f3 el director de la [&hellip;]<\/p>\n","protected":false},"author":4,"featured_media":60821,"comment_status":"open","ping_status":"closed","sticky":false,"template":"","format":"standard","meta":{"footnotes":""},"categories":[20,47,48],"tags":[],"class_list":{"0":"post-60820","1":"post","2":"type-post","3":"status-publish","4":"format-standard","5":"has-post-thumbnail","7":"category-actualidad","8":"category-portada-actualidad","9":"category-portada-general-sitio"},"_links":{"self":[{"href":"https:\/\/jms.com.bo\/mediamonitor\/wp-json\/wp\/v2\/posts\/60820","targetHints":{"allow":["GET"]}}],"collection":[{"href":"https:\/\/jms.com.bo\/mediamonitor\/wp-json\/wp\/v2\/posts"}],"about":[{"href":"https:\/\/jms.com.bo\/mediamonitor\/wp-json\/wp\/v2\/types\/post"}],"author":[{"embeddable":true,"href":"https:\/\/jms.com.bo\/mediamonitor\/wp-json\/wp\/v2\/users\/4"}],"replies":[{"embeddable":true,"href":"https:\/\/jms.com.bo\/mediamonitor\/wp-json\/wp\/v2\/comments?post=60820"}],"version-history":[{"count":0,"href":"https:\/\/jms.com.bo\/mediamonitor\/wp-json\/wp\/v2\/posts\/60820\/revisions"}],"wp:featuredmedia":[{"embeddable":true,"href":"https:\/\/jms.com.bo\/mediamonitor\/wp-json\/wp\/v2\/media\/60821"}],"wp:attachment":[{"href":"https:\/\/jms.com.bo\/mediamonitor\/wp-json\/wp\/v2\/media?parent=60820"}],"wp:term":[{"taxonomy":"category","embeddable":true,"href":"https:\/\/jms.com.bo\/mediamonitor\/wp-json\/wp\/v2\/categories?post=60820"},{"taxonomy":"post_tag","embeddable":true,"href":"https:\/\/jms.com.bo\/mediamonitor\/wp-json\/wp\/v2\/tags?post=60820"}],"curies":[{"name":"wp","href":"https:\/\/api.w.org\/{rel}","templated":true}]}}