{"id":61351,"date":"2023-11-29T06:40:27","date_gmt":"2023-11-29T10:40:27","guid":{"rendered":"https:\/\/jms.com.bo\/mediamonitor\/2023\/11\/29\/senado-de-brasil-aprueba-ingreso-de-bolivia-al-mercosur-y-se-completa-proceso-de-incorporacion-plena\/"},"modified":"2023-11-29T06:40:27","modified_gmt":"2023-11-29T10:40:27","slug":"senado-de-brasil-aprueba-ingreso-de-bolivia-al-mercosur-y-se-completa-proceso-de-incorporacion-plena","status":"publish","type":"post","link":"https:\/\/jms.com.bo\/mediamonitor\/2023\/11\/29\/senado-de-brasil-aprueba-ingreso-de-bolivia-al-mercosur-y-se-completa-proceso-de-incorporacion-plena\/","title":{"rendered":"Senado de Brasil aprueba ingreso de Bolivia al Mercosur y se completa proceso de incorporaci\u00f3n plena"},"content":{"rendered":"<p style=\"text-align: justify;\">El Senado de Brasil aprob\u00f3 este martes el Protocolo de Adhesi\u00f3n de Bolivia al Mercado Com\u00fan del Sur (Mercosur), y lo remitido al Gobierno para su promulgaci\u00f3n. De esta forma se completa el proceso de incorporaci\u00f3n plena con la ratificaci\u00f3n de los cuatro pa\u00edses del bloque.<\/p>\n<p style=\"text-align: justify;\">Los legislativos y gobiernos de Argentina, Paraguay y Uruguay aprobaron la adhesi\u00f3n de Bolivia al bloque del sur, por lo que solo restaba Brasil para culminar un proceso iniciado en 2015. En el gobierno del expresidente Jair Bolsonaro se posterg\u00f3 este proceso, pero fue reactivado en la administraci\u00f3n de Lula da Silva, aliado del gobierno del presidente Luis Arce.<\/p>\n<p style=\"text-align: justify;\">El protocolo de adhesi\u00f3n de Bolivia al Mercosur fue aprobado por la Comisi\u00f3n de Relaciones Exteriores y Defensa Nacional (CRE) del Senado de Brasil el 23 de noviembre, bajo la relator\u00eda del senador Chico Rodrigues (PSB-RR), tomando en cuenta la relevancia del ingreso del Estado boliviano al Mercosur por la vinculaci\u00f3n territorial y su gravitaci\u00f3n econ\u00f3mica en la regi\u00f3n por poseer, entre otros recursos, reservas de litio.<\/p>\n<p style=\"text-align: justify;\">\u201cEl ingreso de Bolivia es muy esperado y dar\u00e1 impulso a la integraci\u00f3n regional. Tenemos una frontera de 3.400 kil\u00f3metros con este pa\u00eds, que se extiende desde Corumb\u00e1 hasta Assis Brasil, involucrando los estados de Mato Grosso, Mato Grosso do Sul, Rondonia y Acre\u201d, resalt\u00f3, cita un reporte del Senado de Brasil.<\/p>\n<p style=\"text-align: justify;\">Apunt\u00f3, adem\u00e1s, que el \u201cingreso definitivo de Bolivia al Mercosur optimizar\u00e1 el comercio y la cooperaci\u00f3n con un Estado que tiene una poblaci\u00f3n de m\u00e1s de 12 millones de personas y un producto interno bruto de alrededor de 41 mil millones de d\u00f3lares\u201d.<\/p>\n<p style=\"text-align: justify;\">Tambi\u00e9n destac\u00f3 que Bolivia forma parte de las cuencas Andina, Amaz\u00f3nica y de Platino, y cuenta con importantes reservas de gas, litio y otros minerales de alto valor estrat\u00e9gico.<\/p>\n<p style=\"text-align: justify;\">\u201cNo menos importante es la apertura o ampliaci\u00f3n del mercado para las empresas brasile\u00f1as, con la posibilidad de utilizar energ\u00eda m\u00e1s barata\u201d, a\u00f1adi\u00f3, recordando que Brasil y Argentina ya son los principales socios comerciales de Bolivia.<\/p>\n<p style=\"text-align: justify;\">Senadores de la oposici\u00f3n condicionaron su voto a que una delegaci\u00f3n de la CRE visite Bolivia para comprobar la situaci\u00f3n de los que consideran presos pol\u00edticos. En la sesi\u00f3n del pleno de este martes se aprob\u00f3 la formaci\u00f3n de la comisi\u00f3n.<\/p>\n<p style=\"text-align: justify;\">La comisi\u00f3n temporal de cinco miembros titulares tiene un plazo de 180 d\u00edas para verificar en el terreno la situaci\u00f3n pol\u00edtica y social en Bolivia, y el cumplimiento de la cl\u00e1usula democr\u00e1tica del Mercosur.<\/p>\n<p style=\"text-align: justify;\">Una vez que Brasil formalice la incorporaci\u00f3n plena de Bolivia al Mercosur, el Estado Plurinacional tendr\u00e1 un plazo de hasta cuatro a\u00f1os para adoptar todo el bagaje normativo del bloque y consolidar el libre comercio rec\u00edproco con Brasil, Argentina, Uruguay y Paraguay.<\/p>\n<p style=\"text-align: justify;\">Venezuela tambi\u00e9n es parte del bloque, pero est\u00e1 suspendido.<\/p>\n","protected":false},"excerpt":{"rendered":"<p>El Senado de Brasil aprob\u00f3 este martes el Protocolo de Adhesi\u00f3n de Bolivia al Mercado Com\u00fan del Sur (Mercosur), y lo remitido al Gobierno para su promulgaci\u00f3n. De esta forma se completa el proceso de incorporaci\u00f3n plena con la ratificaci\u00f3n de los cuatro pa\u00edses del bloque. Los legislativos y gobiernos de Argentina, Paraguay y Uruguay [&hellip;]<\/p>\n","protected":false},"author":4,"featured_media":61352,"comment_status":"open","ping_status":"closed","sticky":false,"template":"","format":"standard","meta":{"footnotes":""},"categories":[18],"tags":[],"class_list":{"0":"post-61351","1":"post","2":"type-post","3":"status-publish","4":"format-standard","5":"has-post-thumbnail","7":"category-politica"},"_links":{"self":[{"href":"https:\/\/jms.com.bo\/mediamonitor\/wp-json\/wp\/v2\/posts\/61351","targetHints":{"allow":["GET"]}}],"collection":[{"href":"https:\/\/jms.com.bo\/mediamonitor\/wp-json\/wp\/v2\/posts"}],"about":[{"href":"https:\/\/jms.com.bo\/mediamonitor\/wp-json\/wp\/v2\/types\/post"}],"author":[{"embeddable":true,"href":"https:\/\/jms.com.bo\/mediamonitor\/wp-json\/wp\/v2\/users\/4"}],"replies":[{"embeddable":true,"href":"https:\/\/jms.com.bo\/mediamonitor\/wp-json\/wp\/v2\/comments?post=61351"}],"version-history":[{"count":0,"href":"https:\/\/jms.com.bo\/mediamonitor\/wp-json\/wp\/v2\/posts\/61351\/revisions"}],"wp:featuredmedia":[{"embeddable":true,"href":"https:\/\/jms.com.bo\/mediamonitor\/wp-json\/wp\/v2\/media\/61352"}],"wp:attachment":[{"href":"https:\/\/jms.com.bo\/mediamonitor\/wp-json\/wp\/v2\/media?parent=61351"}],"wp:term":[{"taxonomy":"category","embeddable":true,"href":"https:\/\/jms.com.bo\/mediamonitor\/wp-json\/wp\/v2\/categories?post=61351"},{"taxonomy":"post_tag","embeddable":true,"href":"https:\/\/jms.com.bo\/mediamonitor\/wp-json\/wp\/v2\/tags?post=61351"}],"curies":[{"name":"wp","href":"https:\/\/api.w.org\/{rel}","templated":true}]}}