{"id":61353,"date":"2023-11-29T06:42:20","date_gmt":"2023-11-29T10:42:20","guid":{"rendered":"https:\/\/jms.com.bo\/mediamonitor\/2023\/11\/29\/andronico-anuncia-ley-corta-para-designar-a-magistrados-interinos-antes-del-fin-del-ano-judicial\/"},"modified":"2023-11-29T06:43:01","modified_gmt":"2023-11-29T10:43:01","slug":"andronico-anuncia-ley-corta-para-designar-a-magistrados-interinos-antes-del-fin-del-ano-judicial","status":"publish","type":"post","link":"https:\/\/jms.com.bo\/mediamonitor\/2023\/11\/29\/andronico-anuncia-ley-corta-para-designar-a-magistrados-interinos-antes-del-fin-del-ano-judicial\/","title":{"rendered":"Andr\u00f3nico anuncia \u201cley corta\u201d para designar a magistrados interinos antes del fin del a\u00f1o judicial"},"content":{"rendered":"<p style=\"text-align: justify;\">El presidente del Senado, Andr\u00f3nico Rodr\u00edguez, anunci\u00f3 este martes que en los pr\u00f3ximos d\u00edas presentar\u00e1 un proyecto de ley corta para designar a magistrados interinos del \u00d3rgano Judicial porque los actuales terminan su gesti\u00f3n de seis a\u00f1os en un mes. Una de las opciones es que los magistrados suplentes asuman los cargos.<\/p>\n<p style=\"text-align: justify;\">\u201cNosotros vamos \u2013 en las pr\u00f3ximas semanas \u2013 a tratar, bueno, presentar y tratar un proyecto de ley corta para que los actuales magistrados no tengan la posibilidad de continuar o prorrogarse m\u00e1s all\u00e1 del 2 o 3 de enero de 2024\u201d, anunci\u00f3 el legislador desde el Chapare, Cochabamba.<\/p>\n<p style=\"text-align: justify;\">El 31 de diciembre de este a\u00f1o concluye la gesti\u00f3n de los actuales magistrados del \u00d3rgano Judicial, entre los que est\u00e1n los del Tribunal Supremo de Justicia, Consejo de la Magistratura, Tribunal Agroambiental y del Tribunal Constitucional Plurinacional (TCP)<\/p>\n<p style=\"text-align: justify;\">En diciembre deb\u00eda llevarse a cabo las elecciones judiciales para que la poblaci\u00f3n elija en urnas a las nuevas autoridades, no obstante, ese proceso fue suspendido a fines de julio de este a\u00f1o por un recurso de Inconstitucionalidad que acept\u00f3 el TCP, instancia que anul\u00f3 la convocatoria y reglamento de preselecci\u00f3n de candidatos por considerarlos inconstitucionales.<\/p>\n<p style=\"text-align: justify;\">Es as\u00ed que las elecciones judiciales no se realizar\u00e1n este a\u00f1o y no existe una fecha concreta para la realizaci\u00f3n del acto electoral.<\/p>\n<p style=\"text-align: justify;\">Para el senador Rodr\u00edguez, el objetivo es que con la ley corta que presentar\u00e1 al Legislativo, los actuales magistrados \u201cno tengan la posibilidad de continuar o prorrogarse\u201d m\u00e1s all\u00e1 de lo que manda la Constituci\u00f3n, es decir, seis a\u00f1os.<\/p>\n<p style=\"text-align: justify;\">La autoridad legislativa anunci\u00f3 que el proyecto ser\u00e1 tratado los primeros d\u00edas de diciembre y espera que hasta la segunda semana de ese mes, se apruebe la norma.<\/p>\n<p style=\"text-align: justify;\">\u201cAmerita una larga discusi\u00f3n y debate entre los legisladores\u201d, afirm\u00f3 Rodr\u00edguez.<\/p>\n<p style=\"text-align: justify;\">El 18 de noviembre, el ministro de Justicia, Iv\u00e1n Lima, en entrevista con EL DEBER Radio, afirm\u00f3 que el gobierno de Luis Arce emitir\u00eda una postura oficial despu\u00e9s del 23 de noviembre, cuando en teor\u00eda el TCP emita la sentencia sobre el recurso de inconstitucionalidad sobre la ley de las elecciones judiciales.<\/p>\n<p style=\"text-align: justify;\">\u201cLo que hemos fijado como posici\u00f3n del Gobierno es que no vamos a pronunciarnos hasta que salga la sentencia el 23 de noviembre. Seguro el 23 comentaremos la sentencia, al d\u00eda siguiente hablaremos sobre la figura que se puede dar, pero consideramos que ser\u00eda vulneratorio a la independencia del Tribunal adelantarnos\u201d, dijo Lima.<\/p>\n<p style=\"text-align: justify;\">No obstante, el 23 lleg\u00f3 y pas\u00f3 sin que el TCP diga algo sobre el tema y hasta la fecha, la entidad no emiti\u00f3 ning\u00fan tipo de pronunciamiento.<\/p>\n","protected":false},"excerpt":{"rendered":"<p>El presidente del Senado, Andr\u00f3nico Rodr\u00edguez, anunci\u00f3 este martes que en los pr\u00f3ximos d\u00edas presentar\u00e1 un proyecto de ley corta para designar a magistrados interinos del \u00d3rgano Judicial porque los actuales terminan su gesti\u00f3n de seis a\u00f1os en un mes. Una de las opciones es que los magistrados suplentes asuman los cargos. \u201cNosotros vamos \u2013 [&hellip;]<\/p>\n","protected":false},"author":4,"featured_media":61354,"comment_status":"open","ping_status":"closed","sticky":false,"template":"","format":"standard","meta":{"footnotes":""},"categories":[18,48,46],"tags":[],"class_list":{"0":"post-61353","1":"post","2":"type-post","3":"status-publish","4":"format-standard","5":"has-post-thumbnail","7":"category-politica","8":"category-portada-general-sitio","9":"category-portada-politica"},"_links":{"self":[{"href":"https:\/\/jms.com.bo\/mediamonitor\/wp-json\/wp\/v2\/posts\/61353","targetHints":{"allow":["GET"]}}],"collection":[{"href":"https:\/\/jms.com.bo\/mediamonitor\/wp-json\/wp\/v2\/posts"}],"about":[{"href":"https:\/\/jms.com.bo\/mediamonitor\/wp-json\/wp\/v2\/types\/post"}],"author":[{"embeddable":true,"href":"https:\/\/jms.com.bo\/mediamonitor\/wp-json\/wp\/v2\/users\/4"}],"replies":[{"embeddable":true,"href":"https:\/\/jms.com.bo\/mediamonitor\/wp-json\/wp\/v2\/comments?post=61353"}],"version-history":[{"count":1,"href":"https:\/\/jms.com.bo\/mediamonitor\/wp-json\/wp\/v2\/posts\/61353\/revisions"}],"predecessor-version":[{"id":61355,"href":"https:\/\/jms.com.bo\/mediamonitor\/wp-json\/wp\/v2\/posts\/61353\/revisions\/61355"}],"wp:featuredmedia":[{"embeddable":true,"href":"https:\/\/jms.com.bo\/mediamonitor\/wp-json\/wp\/v2\/media\/61354"}],"wp:attachment":[{"href":"https:\/\/jms.com.bo\/mediamonitor\/wp-json\/wp\/v2\/media?parent=61353"}],"wp:term":[{"taxonomy":"category","embeddable":true,"href":"https:\/\/jms.com.bo\/mediamonitor\/wp-json\/wp\/v2\/categories?post=61353"},{"taxonomy":"post_tag","embeddable":true,"href":"https:\/\/jms.com.bo\/mediamonitor\/wp-json\/wp\/v2\/tags?post=61353"}],"curies":[{"name":"wp","href":"https:\/\/api.w.org\/{rel}","templated":true}]}}