{"id":61391,"date":"2023-11-30T07:25:28","date_gmt":"2023-11-30T11:25:28","guid":{"rendered":"https:\/\/jms.com.bo\/mediamonitor\/2023\/11\/30\/santa-cruz-no-registra-incendios-forestales-por-quinto-dia-consecutivo-y-alista-un-proyecto-de-ley-de-restauracion-de-bosques\/"},"modified":"2023-11-30T07:25:28","modified_gmt":"2023-11-30T11:25:28","slug":"santa-cruz-no-registra-incendios-forestales-por-quinto-dia-consecutivo-y-alista-un-proyecto-de-ley-de-restauracion-de-bosques","status":"publish","type":"post","link":"https:\/\/jms.com.bo\/mediamonitor\/2023\/11\/30\/santa-cruz-no-registra-incendios-forestales-por-quinto-dia-consecutivo-y-alista-un-proyecto-de-ley-de-restauracion-de-bosques\/","title":{"rendered":"Santa Cruz no registra incendios forestales, por quinto d\u00eda consecutivo, y alista un proyecto de ley de restauraci\u00f3n de bosques"},"content":{"rendered":"<p style=\"text-align: justify;\">Por quinto d\u00eda consecutivo, el departamento de Santa Cruz no registra incendios forestales. Sin embargo, s\u00ed 503 focos de calor, es decir, 11 m\u00e1s que el martes, inform\u00f3 Pablo Sauto, secretario de Desarrollo Sostenible y Medio Ambiente de la Gobernaci\u00f3n.<\/p>\n<p style=\"text-align: justify;\">Las hect\u00e1reas afectadas por los incendios forestales en el departamento son, aproximadamente, 440.354.<\/p>\n<p style=\"text-align: justify;\">Sauto inform\u00f3 que est\u00e1n trabajando en un proyecto de ley de restauraci\u00f3n de bosques y paisajes.<\/p>\n<p style=\"text-align: justify;\">\u201cEl objetivo de este proyecto de ley es establecer, en un marco normativo y t\u00e9cnico, la restauraci\u00f3n de bosques y paisajes, con el prop\u00f3sito de recuperar: sus funciones ambientales, su estructura natural, la biodiversidad, la calidad de nuestro suelo, de los recursos h\u00eddricos, y promover la mitigaci\u00f3n y adaptaci\u00f3n de los efectos del cambio clim\u00e1tico en beneficio de las diferentes formas de vida presentes en el Departamento de Santa Cruz\u201d, explic\u00f3.<\/p>\n<p style=\"text-align: justify;\">Se\u00f1al\u00f3 que se prev\u00e9 la creaci\u00f3n de la Comisi\u00f3n Departamental de Restauraci\u00f3n de Bosques y Paisajes.<\/p>\n<p style=\"text-align: justify;\">A trav\u00e9s de esta ley se realizar\u00e1 un inventario patrimonial de biodiversidad; se crear\u00e1 el Plan Departamental de Restauraci\u00f3n y un fondo econ\u00f3mico para cumplir con este objetivo.<\/p>\n<p style=\"text-align: justify;\">\u201cEsta Ley va a contribuir a mejorar las condiciones actuales del territorio cruce\u00f1o para un desarrollo sostenible\u201d, asegur\u00f3 Sauto.<\/p>\n<p style=\"text-align: justify;\">En el pa\u00eds<\/p>\n<p style=\"text-align: justify;\">\u201cSe ha atendido a 9.325 familias, se ha entregado 225,75 toneladas de ayuda humanitaria con una inversi\u00f3n de 1.986.743 bolivianos\u201d, inform\u00f3 Juan Carlos Calvimontes, viceministro de Defensa Civil en una entrevista en Bolivia Tv.<\/p>\n<p style=\"text-align: justify;\">Calvimontes asegur\u00f3 que Bolivia no reporta incendios forestales activos, y que se realiza la evaluaci\u00f3n multisectorial de los da\u00f1os que permitan seguir con el Plan de Reconstrucci\u00f3n Integral, en las zonas afectadas por el fuego. El plan incluye la perforaci\u00f3n de pozos \u201cpara encarar el d\u00e9ficit de agua y se apoyar\u00e1 el \u00e1rea productiva, entre otras acciones\u201d.<\/p>\n<p style=\"text-align: justify;\">En esa evaluaci\u00f3n multisectorial intervienen los ministerios de: Obras P\u00fablicas, Defensa, Medio Ambiente y Agua, Desarrollo Rural y Salud.<\/p>\n<p style=\"text-align: justify;\">Siete departamentos fueron afectados por los incendios, solo Beni se declar\u00f3 en \u201cdesastre departamental\u201d y 20 municipios en \u201cdesastre por incendios\u201d.<\/p>\n<p style=\"text-align: justify;\">De acuerdo con ese viceministerio, los incendios afectaron 55 casas; se conoce que la Agencia Estatal de Vivienda (Aevivienda) eval\u00faa los da\u00f1os para su reposici\u00f3n.<\/p>\n","protected":false},"excerpt":{"rendered":"<p>Por quinto d\u00eda consecutivo, el departamento de Santa Cruz no registra incendios forestales. Sin embargo, s\u00ed 503 focos de calor, es decir, 11 m\u00e1s que el martes, inform\u00f3 Pablo Sauto, secretario de Desarrollo Sostenible y Medio Ambiente de la Gobernaci\u00f3n. Las hect\u00e1reas afectadas por los incendios forestales en el departamento son, aproximadamente, 440.354. Sauto inform\u00f3 [&hellip;]<\/p>\n","protected":false},"author":4,"featured_media":61392,"comment_status":"open","ping_status":"closed","sticky":false,"template":"","format":"standard","meta":{"footnotes":""},"categories":[20],"tags":[],"class_list":["post-61391","post","type-post","status-publish","format-standard","has-post-thumbnail","category-actualidad"],"_links":{"self":[{"href":"https:\/\/jms.com.bo\/mediamonitor\/wp-json\/wp\/v2\/posts\/61391","targetHints":{"allow":["GET"]}}],"collection":[{"href":"https:\/\/jms.com.bo\/mediamonitor\/wp-json\/wp\/v2\/posts"}],"about":[{"href":"https:\/\/jms.com.bo\/mediamonitor\/wp-json\/wp\/v2\/types\/post"}],"author":[{"embeddable":true,"href":"https:\/\/jms.com.bo\/mediamonitor\/wp-json\/wp\/v2\/users\/4"}],"replies":[{"embeddable":true,"href":"https:\/\/jms.com.bo\/mediamonitor\/wp-json\/wp\/v2\/comments?post=61391"}],"version-history":[{"count":0,"href":"https:\/\/jms.com.bo\/mediamonitor\/wp-json\/wp\/v2\/posts\/61391\/revisions"}],"wp:featuredmedia":[{"embeddable":true,"href":"https:\/\/jms.com.bo\/mediamonitor\/wp-json\/wp\/v2\/media\/61392"}],"wp:attachment":[{"href":"https:\/\/jms.com.bo\/mediamonitor\/wp-json\/wp\/v2\/media?parent=61391"}],"wp:term":[{"taxonomy":"category","embeddable":true,"href":"https:\/\/jms.com.bo\/mediamonitor\/wp-json\/wp\/v2\/categories?post=61391"},{"taxonomy":"post_tag","embeddable":true,"href":"https:\/\/jms.com.bo\/mediamonitor\/wp-json\/wp\/v2\/tags?post=61391"}],"curies":[{"name":"wp","href":"https:\/\/api.w.org\/{rel}","templated":true}]}}