{"id":61395,"date":"2023-11-30T07:28:02","date_gmt":"2023-11-30T11:28:02","guid":{"rendered":"https:\/\/jms.com.bo\/mediamonitor\/2023\/11\/30\/lula-agradece-a-senadores-de-brasil-por-aprobar-el-ingreso-de-bolivia-al-mercosur\/"},"modified":"2023-11-30T07:28:02","modified_gmt":"2023-11-30T11:28:02","slug":"lula-agradece-a-senadores-de-brasil-por-aprobar-el-ingreso-de-bolivia-al-mercosur","status":"publish","type":"post","link":"https:\/\/jms.com.bo\/mediamonitor\/2023\/11\/30\/lula-agradece-a-senadores-de-brasil-por-aprobar-el-ingreso-de-bolivia-al-mercosur\/","title":{"rendered":"Lula agradece a senadores de Brasil por aprobar el ingreso de Bolivia al Mercosur"},"content":{"rendered":"<p style=\"text-align: justify;\">El presidente de Brasil, Luiz In\u00e1cio Lula da Silva, agradeci\u00f3 este mi\u00e9rcoles de manera p\u00fablica a los senadores de su pa\u00eds por haber aprobado el ingreso de Bolivia al Mercado Com\u00fan del Sur (Mercosur).<\/p>\n<p style=\"text-align: justify;\">\u201cEl Senado brasile\u00f1o aprob\u00f3 el ingreso de Bolivia al Mercosur. Gracias a los senadores por completar este proceso y felicitaciones al presidente Luis Arce y Bolivia por acompa\u00f1arnos en el Mercosur\u201d, escribi\u00f3 Lula en su cuenta en la red social X.<\/p>\n<p style=\"text-align: justify;\">Horas antes, el presidente Arce tambi\u00e9n agradeci\u00f3 por redes sociales \u201clas gestiones del hermano presidente Lula\u201d para que este objetivo de la incorporaci\u00f3n de Bolivia al bloque econ\u00f3mico se consolide.<\/p>\n<p style=\"text-align: justify;\">Arce agreg\u00f3 que esta aprobaci\u00f3n es un \u201chito hist\u00f3rico en la integraci\u00f3n latinoamericana\u201d y consider\u00f3 que los pueblos del sur apuestan por la integraci\u00f3n \u201cpara hacer frente a los desaf\u00edos que representa la crisis multidimensional que amenaza a la humanidad\u201d.<\/p>\n<p style=\"text-align: justify;\">El martes, el Senado de Brasil aprob\u00f3 el texto del Protocolo de Adhesi\u00f3n de Bolivia al Mercosur.<\/p>\n<p style=\"text-align: justify;\">Mercosur fue creado en 1991 por Argentina, Brasil, Paraguay y Uruguay. En 2006, se aprob\u00f3 a Venezuela como miembro del grupo, pero su participaci\u00f3n en el bloque est\u00e1 suspendida desde 2017 por posible falta de respeto a la democracia, que es \u201cuna cl\u00e1usula fundamental del bloque\u201d, destaca una nota informativa del Senado brasile\u00f1o.<\/p>\n","protected":false},"excerpt":{"rendered":"<p>El presidente de Brasil, Luiz In\u00e1cio Lula da Silva, agradeci\u00f3 este mi\u00e9rcoles de manera p\u00fablica a los senadores de su pa\u00eds por haber aprobado el ingreso de Bolivia al Mercado Com\u00fan del Sur (Mercosur). \u201cEl Senado brasile\u00f1o aprob\u00f3 el ingreso de Bolivia al Mercosur. Gracias a los senadores por completar este proceso y felicitaciones al [&hellip;]<\/p>\n","protected":false},"author":4,"featured_media":61396,"comment_status":"open","ping_status":"closed","sticky":false,"template":"","format":"standard","meta":{"footnotes":""},"categories":[18],"tags":[],"class_list":["post-61395","post","type-post","status-publish","format-standard","has-post-thumbnail","category-politica"],"_links":{"self":[{"href":"https:\/\/jms.com.bo\/mediamonitor\/wp-json\/wp\/v2\/posts\/61395","targetHints":{"allow":["GET"]}}],"collection":[{"href":"https:\/\/jms.com.bo\/mediamonitor\/wp-json\/wp\/v2\/posts"}],"about":[{"href":"https:\/\/jms.com.bo\/mediamonitor\/wp-json\/wp\/v2\/types\/post"}],"author":[{"embeddable":true,"href":"https:\/\/jms.com.bo\/mediamonitor\/wp-json\/wp\/v2\/users\/4"}],"replies":[{"embeddable":true,"href":"https:\/\/jms.com.bo\/mediamonitor\/wp-json\/wp\/v2\/comments?post=61395"}],"version-history":[{"count":0,"href":"https:\/\/jms.com.bo\/mediamonitor\/wp-json\/wp\/v2\/posts\/61395\/revisions"}],"wp:featuredmedia":[{"embeddable":true,"href":"https:\/\/jms.com.bo\/mediamonitor\/wp-json\/wp\/v2\/media\/61396"}],"wp:attachment":[{"href":"https:\/\/jms.com.bo\/mediamonitor\/wp-json\/wp\/v2\/media?parent=61395"}],"wp:term":[{"taxonomy":"category","embeddable":true,"href":"https:\/\/jms.com.bo\/mediamonitor\/wp-json\/wp\/v2\/categories?post=61395"},{"taxonomy":"post_tag","embeddable":true,"href":"https:\/\/jms.com.bo\/mediamonitor\/wp-json\/wp\/v2\/tags?post=61395"}],"curies":[{"name":"wp","href":"https:\/\/api.w.org\/{rel}","templated":true}]}}