{"id":61397,"date":"2023-11-30T07:29:42","date_gmt":"2023-11-30T11:29:42","guid":{"rendered":"https:\/\/jms.com.bo\/mediamonitor\/2023\/11\/30\/el-mas-presenta-otro-amparo-contra-el-tse-en-un-juzgado-del-chapare\/"},"modified":"2023-11-30T07:29:42","modified_gmt":"2023-11-30T11:29:42","slug":"el-mas-presenta-otro-amparo-contra-el-tse-en-un-juzgado-del-chapare","status":"publish","type":"post","link":"https:\/\/jms.com.bo\/mediamonitor\/2023\/11\/30\/el-mas-presenta-otro-amparo-contra-el-tse-en-un-juzgado-del-chapare\/","title":{"rendered":"El MAS presenta otro amparo contra el TSE en un juzgado del Chapare"},"content":{"rendered":"<p style=\"text-align: justify;\">La dirigente del Movimiento Al Socialismo (MAS), Leonilda Zurita, present\u00f3 un amparo constitucional ante la Sala de Constitucional de Ivirgarzama, Tr\u00f3pico de Cochabamba, en el que busca que la Justicia reconozca el d\u00e9cimo congreso de Lauca \u00d1 que fue rechazado por el Tribunal Supremo Electoral (TSE).<\/p>\n<p style=\"text-align: justify;\">\u201cPido a usted que reponga los derechos constitucionales lesionados por el acto ilegal generado por la Sala Plena del TSE, en consecuencia ADMITA la presente acci\u00f3n de amparo constitucional, se\u00f1ale d\u00eda y hora para verificaci\u00f3n de audiencia en el plazo de 48 horas, y en el fondo CONCEDA la tutela imperada en la presente acci\u00f3n, y aplicando el art. 57.1: del C\u00f3digo Procesal Constitucional DEJE SIN EFECTO la ilegal Resoluci\u00f3n Jurisdiccional TSE-RSP-JUR N\u00b0 053\/2023 de 22 de noviembre de 2023, debiendo la Sala Plena del Tribunal Supremo Electoral, emitir una nueva resoluci\u00f3n jurisdiccional\u201d, manifiesta el petitorio que fue publicado en la red DTV.<\/p>\n<p style=\"text-align: justify;\">El 23 de noviembre, la Sala Plena del TSE declar\u00f3 improcedente el recurso extraordinario de revisi\u00f3n que present\u00f3 el MAS, con el fin de que quede sin efecto la decisi\u00f3n asumida por el TSE que rechaz\u00f3, el 31 de octubre, el registro y las determinaciones del d\u00e9cimo congreso de esa fuerza pol\u00edtica realizado en Lauca \u00d1. Adem\u00e1s, ratific\u00f3 que la dirigencia del partido debe llamar a un nuevo congreso.<\/p>\n<p style=\"text-align: justify;\">El congreso de Lauca \u00d1, realizado el 3 y 4 de octubre ratific\u00f3 a Evo Morales como jefe nacional y se lo nombr\u00f3 \u201c\u00fanico candidato\u201d con miras a 2025.<\/p>\n<p style=\"text-align: justify;\">La decisi\u00f3n del TSE se basa en una serie de observaciones, entre ellas, se evidenci\u00f3 que 14 de los 16 dirigentes proclamados incumplieron el requisito que exige al menos 10 a\u00f1os de antig\u00fcedad como militante de esa fuerza. Esto de acuerdo con el informe del Servicio Intercultural de Fortalecimiento Democr\u00e1tico (Sifde).<\/p>\n<p style=\"text-align: justify;\">Lea m\u00e1s: Morales ratifica rechazo a primarias abiertas y defiende participaci\u00f3n solo de la militancia<\/p>\n<p style=\"text-align: justify;\">Otro de los cuestionamientos es que esa directiva electa no present\u00f3 los certificados de militancia que deben ser emitidos por el TSE. El equipo jur\u00eddico del MAS dijo que \u201ces suficiente\u201d el dato que muestra la plataforma digital Yo Participo, que trabaja con datos del TSE.<\/p>\n<p style=\"text-align: justify;\">El lunes, el equipo jur\u00eddico del MAS evista present\u00f3 otro amparo constitucional contra el TSE que desestim\u00f3 la recusaci\u00f3n contra los vocales Tahuichi Tahuichi Quispe y Dina Chuquimia. Con ello, se busca que la Sala Constitucional 4 del Tribunal Departamental de Justicia de La Paz anule la resoluci\u00f3n 369\/2023 del TSE y declara que los dos vocales \u201csean recusados\u201d para que \u201cel TSE vuelva a emitir una nueva resoluci\u00f3n respecto al congreso de Lauca \u00d1\u201d.<\/p>\n<p style=\"text-align: justify;\">El s\u00e1bado, la dirigencia del MAS determin\u00f3, tras un ampliado de emergencia, dejar hasta fin de a\u00f1o sus protestas por el rechazo al registro y las determinaciones del congreso de Lauca \u00d1.<\/p>\n<p style=\"text-align: justify;\">\u201cSe ha quedado en oxigenarse, con el caso de (las fiestas de) fin de a\u00f1o. Se va a retomar con m\u00e1s fuerza. No estamos diciendo d\u00eda ni fecha, pero vamos a bajar a nuestras bases para organizar estrategias de lucha\u201d, dijo Gerardo Garc\u00eda, vicepresidente de esa fuerza pol\u00edtica.<\/p>\n<p style=\"text-align: justify;\">El dirigente se\u00f1al\u00f3 que en el ampliado de emergencia se hizo el an\u00e1lisis para \u201cseguir defendiendo\u201d el proceso de cambio frente a la amenaza de \u201cproscribir la personer\u00eda jur\u00eddica del MAS\u201d y querer \u201cinhabilitar a Evo Morales\u201d como candidato a las elecciones 2025.<\/p>\n","protected":false},"excerpt":{"rendered":"<p>La dirigente del Movimiento Al Socialismo (MAS), Leonilda Zurita, present\u00f3 un amparo constitucional ante la Sala de Constitucional de Ivirgarzama, Tr\u00f3pico de Cochabamba, en el que busca que la Justicia reconozca el d\u00e9cimo congreso de Lauca \u00d1 que fue rechazado por el Tribunal Supremo Electoral (TSE). \u201cPido a usted que reponga los derechos constitucionales lesionados [&hellip;]<\/p>\n","protected":false},"author":4,"featured_media":61398,"comment_status":"open","ping_status":"closed","sticky":false,"template":"","format":"standard","meta":{"footnotes":""},"categories":[18],"tags":[],"class_list":["post-61397","post","type-post","status-publish","format-standard","has-post-thumbnail","category-politica"],"_links":{"self":[{"href":"https:\/\/jms.com.bo\/mediamonitor\/wp-json\/wp\/v2\/posts\/61397","targetHints":{"allow":["GET"]}}],"collection":[{"href":"https:\/\/jms.com.bo\/mediamonitor\/wp-json\/wp\/v2\/posts"}],"about":[{"href":"https:\/\/jms.com.bo\/mediamonitor\/wp-json\/wp\/v2\/types\/post"}],"author":[{"embeddable":true,"href":"https:\/\/jms.com.bo\/mediamonitor\/wp-json\/wp\/v2\/users\/4"}],"replies":[{"embeddable":true,"href":"https:\/\/jms.com.bo\/mediamonitor\/wp-json\/wp\/v2\/comments?post=61397"}],"version-history":[{"count":0,"href":"https:\/\/jms.com.bo\/mediamonitor\/wp-json\/wp\/v2\/posts\/61397\/revisions"}],"wp:featuredmedia":[{"embeddable":true,"href":"https:\/\/jms.com.bo\/mediamonitor\/wp-json\/wp\/v2\/media\/61398"}],"wp:attachment":[{"href":"https:\/\/jms.com.bo\/mediamonitor\/wp-json\/wp\/v2\/media?parent=61397"}],"wp:term":[{"taxonomy":"category","embeddable":true,"href":"https:\/\/jms.com.bo\/mediamonitor\/wp-json\/wp\/v2\/categories?post=61397"},{"taxonomy":"post_tag","embeddable":true,"href":"https:\/\/jms.com.bo\/mediamonitor\/wp-json\/wp\/v2\/tags?post=61397"}],"curies":[{"name":"wp","href":"https:\/\/api.w.org\/{rel}","templated":true}]}}