{"id":61399,"date":"2023-11-30T07:31:55","date_gmt":"2023-11-30T11:31:55","guid":{"rendered":"https:\/\/jms.com.bo\/mediamonitor\/2023\/11\/30\/exministros-coimbra-y-guzman-admiten-delito-y-solicitan-proceso-abreviado-en-caso-golpe-de-estado-i\/"},"modified":"2023-11-30T07:31:55","modified_gmt":"2023-11-30T11:31:55","slug":"exministros-coimbra-y-guzman-admiten-delito-y-solicitan-proceso-abreviado-en-caso-golpe-de-estado-i","status":"publish","type":"post","link":"https:\/\/jms.com.bo\/mediamonitor\/2023\/11\/30\/exministros-coimbra-y-guzman-admiten-delito-y-solicitan-proceso-abreviado-en-caso-golpe-de-estado-i\/","title":{"rendered":"Exministros Co\u00edmbra y Guzm\u00e1n admiten delito y solicitan proceso Abreviado en Caso \u00abGolpe de Estado I\u00bb"},"content":{"rendered":"<p style=\"text-align: justify;\">\u00c1lvaro Co\u00edmbra y Rodrigo Guzm\u00e1n, exministros durante el Gobierno de Jeanine A\u00f1ez, han decidido solicitar un proceso abreviado en el caso conocido como \u00abGolpe de Estado I\u00bb, admitiendo su participaci\u00f3n en encubrimiento.<\/p>\n<p style=\"text-align: justify;\">Ambos exfuncionarios, Co\u00edmbra como Ministro de Justicia y Guzm\u00e1n como Ministro de Energ\u00edas, fueron detenidos en marzo de 2021, simult\u00e1neamente con la detenci\u00f3n de A\u00f1ez, y desde entonces permanecen en la c\u00e1rcel de San Pedro.<\/p>\n<p style=\"text-align: justify;\">La solicitud de proceso abreviado implica el reconocimiento de los hechos imputados por la Fiscal\u00eda, buscando acceder a una sentencia reducida y expedita.<\/p>\n<p style=\"text-align: justify;\">En su petici\u00f3n ante la Fiscal\u00eda, Co\u00edmbra y Guzm\u00e1n solicitan la pena m\u00ednima y expresan su arrepentimiento por su participaci\u00f3n en la actividad ilegal de encubrimiento, seg\u00fan se detalla en el documento difundido por BTV.<\/p>\n<p style=\"text-align: justify;\">Fuentes vinculadas al proceso confirmaron que la solicitud de los exministros fue en un momento en el que se espera que la Fiscal\u00eda concluya la investigaci\u00f3n para formalizar la acusaci\u00f3n.<\/p>\n<p style=\"text-align: justify;\">El caso \u00abGolpe de Estado I\u00bb investiga los eventos que llevaron a la renuncia de Evo Morales en 2019, donde Luis Fernando Camacho figura como el principal implicado y Jeanine A\u00f1ez se encuentra detenida.<\/p>\n<p style=\"text-align: justify;\">Adem\u00e1s de los exministros, cuatro exjefes militares han solicitado tambi\u00e9n un proceso abreviado, obteniendo sentencias m\u00ednimas tras reconocer su participaci\u00f3n en delitos vinculados al caso.<\/p>\n","protected":false},"excerpt":{"rendered":"<p>\u00c1lvaro Co\u00edmbra y Rodrigo Guzm\u00e1n, exministros durante el Gobierno de Jeanine A\u00f1ez, han decidido solicitar un proceso abreviado en el caso conocido como \u00abGolpe de Estado I\u00bb, admitiendo su participaci\u00f3n en encubrimiento. Ambos exfuncionarios, Co\u00edmbra como Ministro de Justicia y Guzm\u00e1n como Ministro de Energ\u00edas, fueron detenidos en marzo de 2021, simult\u00e1neamente con la detenci\u00f3n [&hellip;]<\/p>\n","protected":false},"author":4,"featured_media":61400,"comment_status":"open","ping_status":"closed","sticky":false,"template":"","format":"standard","meta":{"footnotes":""},"categories":[18,48,46],"tags":[],"class_list":["post-61399","post","type-post","status-publish","format-standard","has-post-thumbnail","category-politica","category-portada-general-sitio","category-portada-politica"],"_links":{"self":[{"href":"https:\/\/jms.com.bo\/mediamonitor\/wp-json\/wp\/v2\/posts\/61399","targetHints":{"allow":["GET"]}}],"collection":[{"href":"https:\/\/jms.com.bo\/mediamonitor\/wp-json\/wp\/v2\/posts"}],"about":[{"href":"https:\/\/jms.com.bo\/mediamonitor\/wp-json\/wp\/v2\/types\/post"}],"author":[{"embeddable":true,"href":"https:\/\/jms.com.bo\/mediamonitor\/wp-json\/wp\/v2\/users\/4"}],"replies":[{"embeddable":true,"href":"https:\/\/jms.com.bo\/mediamonitor\/wp-json\/wp\/v2\/comments?post=61399"}],"version-history":[{"count":0,"href":"https:\/\/jms.com.bo\/mediamonitor\/wp-json\/wp\/v2\/posts\/61399\/revisions"}],"wp:featuredmedia":[{"embeddable":true,"href":"https:\/\/jms.com.bo\/mediamonitor\/wp-json\/wp\/v2\/media\/61400"}],"wp:attachment":[{"href":"https:\/\/jms.com.bo\/mediamonitor\/wp-json\/wp\/v2\/media?parent=61399"}],"wp:term":[{"taxonomy":"category","embeddable":true,"href":"https:\/\/jms.com.bo\/mediamonitor\/wp-json\/wp\/v2\/categories?post=61399"},{"taxonomy":"post_tag","embeddable":true,"href":"https:\/\/jms.com.bo\/mediamonitor\/wp-json\/wp\/v2\/tags?post=61399"}],"curies":[{"name":"wp","href":"https:\/\/api.w.org\/{rel}","templated":true}]}}