{"id":61407,"date":"2023-11-30T07:37:52","date_gmt":"2023-11-30T11:37:52","guid":{"rendered":"https:\/\/jms.com.bo\/mediamonitor\/2023\/11\/30\/deuda-publica-en-bolivia-aumenta-en-un-464-desde-2006-segun-fundacion-jubileo\/"},"modified":"2023-11-30T07:37:52","modified_gmt":"2023-11-30T11:37:52","slug":"deuda-publica-en-bolivia-aumenta-en-un-464-desde-2006-segun-fundacion-jubileo","status":"publish","type":"post","link":"https:\/\/jms.com.bo\/mediamonitor\/2023\/11\/30\/deuda-publica-en-bolivia-aumenta-en-un-464-desde-2006-segun-fundacion-jubileo\/","title":{"rendered":"Deuda p\u00fablica en Bolivia aumenta en un 464% desde 2006, seg\u00fan Fundaci\u00f3n Jubileo"},"content":{"rendered":"<p style=\"text-align: justify;\">Seg\u00fan un informe de la Fundaci\u00f3n Jubileo citado por Los Tiempos, la deuda p\u00fablica total en Bolivia ha experimentado un crecimiento del 464% entre 2006 y 2022. Este aumento ha llevado el monto adeudado de 6.243 millones a 35.203 millones de d\u00f3lares en el per\u00edodo mencionado.<\/p>\n<p style=\"text-align: justify;\">El an\u00e1lisis de los expertos econ\u00f3micos subraya la urgencia de reformas estructurales y un cambio en el modelo econ\u00f3mico ante este panorama. Aunque el Gobierno nacional ha reiterado que el nivel de deuda es sostenible al estar por debajo del 30% del PIB (Producto Interno Bruto), los est\u00e1ndares internacionales marcan un l\u00edmite del 50%.<\/p>\n<p style=\"text-align: justify;\">Sin embargo, la visi\u00f3n del Ejecutivo se centra \u00fanicamente en la deuda externa, mientras que datos de Jubileo basados \u200b\u200ben informaci\u00f3n del Ministerio de Econom\u00eda y el BCB revelan que la deuda total, incluyendo la de las empresas p\u00fablicas, alcanza el 80% del PIB en 2022, mostrando una tendencia en alza.<\/p>\n<p style=\"text-align: justify;\">Juan Carlos N\u00fa\u00f1ez, director de Jubileo, expres\u00f3 que el modelo econ\u00f3mico actual se encuentra en crisis y es responsable del crecimiento del endeudamiento. A\u00f1adi\u00f3 que es imperativo implementar modificaciones estructurales para abordar esta situaci\u00f3n insostenible.<\/p>\n<p style=\"text-align: justify;\">El investigador de la Fundaci\u00f3n, Ren\u00e9 Mart\u00ednez, indic\u00f3 que la deuda forma parte de un sistema en deterioro y enfatiz\u00f3 la necesidad de ajustes profundos. Mart\u00ednez mencion\u00f3 que en 2018 habr\u00eda sido un momento oportuno para realizar estos ajustes, pero fueron postergados con m\u00e1s deuda.<\/p>\n<p style=\"text-align: justify;\">Mart\u00ednez plante\u00f3 que los cambios estructurales involucrar\u00edan la reducci\u00f3n del d\u00e9ficit fiscal, la implementaci\u00f3n de pol\u00edticas para aumentar los ingresos fiscales y considerar la fijaci\u00f3n del tipo de cambio como medidas clave en este proceso de reforma.<\/p>\n","protected":false},"excerpt":{"rendered":"<p>Seg\u00fan un informe de la Fundaci\u00f3n Jubileo citado por Los Tiempos, la deuda p\u00fablica total en Bolivia ha experimentado un crecimiento del 464% entre 2006 y 2022. Este aumento ha llevado el monto adeudado de 6.243 millones a 35.203 millones de d\u00f3lares en el per\u00edodo mencionado. El an\u00e1lisis de los expertos econ\u00f3micos subraya la urgencia [&hellip;]<\/p>\n","protected":false},"author":4,"featured_media":61408,"comment_status":"open","ping_status":"closed","sticky":false,"template":"","format":"standard","meta":{"footnotes":""},"categories":[25,45,48],"tags":[],"class_list":["post-61407","post","type-post","status-publish","format-standard","has-post-thumbnail","category-economia","category-portada-economia","category-portada-general-sitio"],"_links":{"self":[{"href":"https:\/\/jms.com.bo\/mediamonitor\/wp-json\/wp\/v2\/posts\/61407","targetHints":{"allow":["GET"]}}],"collection":[{"href":"https:\/\/jms.com.bo\/mediamonitor\/wp-json\/wp\/v2\/posts"}],"about":[{"href":"https:\/\/jms.com.bo\/mediamonitor\/wp-json\/wp\/v2\/types\/post"}],"author":[{"embeddable":true,"href":"https:\/\/jms.com.bo\/mediamonitor\/wp-json\/wp\/v2\/users\/4"}],"replies":[{"embeddable":true,"href":"https:\/\/jms.com.bo\/mediamonitor\/wp-json\/wp\/v2\/comments?post=61407"}],"version-history":[{"count":0,"href":"https:\/\/jms.com.bo\/mediamonitor\/wp-json\/wp\/v2\/posts\/61407\/revisions"}],"wp:featuredmedia":[{"embeddable":true,"href":"https:\/\/jms.com.bo\/mediamonitor\/wp-json\/wp\/v2\/media\/61408"}],"wp:attachment":[{"href":"https:\/\/jms.com.bo\/mediamonitor\/wp-json\/wp\/v2\/media?parent=61407"}],"wp:term":[{"taxonomy":"category","embeddable":true,"href":"https:\/\/jms.com.bo\/mediamonitor\/wp-json\/wp\/v2\/categories?post=61407"},{"taxonomy":"post_tag","embeddable":true,"href":"https:\/\/jms.com.bo\/mediamonitor\/wp-json\/wp\/v2\/tags?post=61407"}],"curies":[{"name":"wp","href":"https:\/\/api.w.org\/{rel}","templated":true}]}}