{"id":61409,"date":"2023-11-30T07:39:06","date_gmt":"2023-11-30T11:39:06","guid":{"rendered":"https:\/\/jms.com.bo\/mediamonitor\/2023\/11\/30\/el-segip-se-quedo-sin-energia-electrica-debia-dos-facturas-a-setar\/"},"modified":"2023-11-30T07:39:06","modified_gmt":"2023-11-30T11:39:06","slug":"el-segip-se-quedo-sin-energia-electrica-debia-dos-facturas-a-setar","status":"publish","type":"post","link":"https:\/\/jms.com.bo\/mediamonitor\/2023\/11\/30\/el-segip-se-quedo-sin-energia-electrica-debia-dos-facturas-a-setar\/","title":{"rendered":"El Segip se qued\u00f3 sin energ\u00eda el\u00e9ctrica, deb\u00eda dos facturas a Setar"},"content":{"rendered":"<p style=\"text-align: justify;\">El Servicio General de Identificaci\u00f3n Personal (Segip), ubicado en la segunda planta del Megacenter, se qued\u00f3 sin energ\u00eda el\u00e9ctrica y por ende no hab\u00eda sistema para atender a las personas que requer\u00edan sacar la c\u00e9dula identidad.<\/p>\n<p style=\"text-align: justify;\">El motivo del corte es que el Segip deb\u00eda dos facturas de luz a Servicios El\u00e9ctricos de Tarija (Setar), as\u00ed lo confirm\u00f3 la directora de esa entidad, Gabriela Tintaya.<\/p>\n<p style=\"text-align: justify;\">\u201cHemos tenido un corte de luz. La administradora ya est\u00e1 en Setar y nos han dicho que a las 15.00 van a venir a solucionar el problema\u201d, dijo Tintaya a Hola Bolivia, a tiempo de confirmar que se deb\u00edan dos facturas de luz.<\/p>\n<p style=\"text-align: justify;\">La funcionaria dijo sentirse extra\u00f1ada por el corte, ya que previamente deber\u00eda haber una notificaci\u00f3n o conciliaci\u00f3n. \u201cAdem\u00e1s, que yo sepa, el corte deber\u00eda ser cuando se deben tres meses. Habr\u00e1 que ver qu\u00e9 ha pasado\u201d, dijo la directora del Segip.<\/p>\n<p style=\"text-align: justify;\">Tintaya explic\u00f3 que si bien el Megacenter es una sola infraestructura, cada puesto tiene su propio medidor.<\/p>\n","protected":false},"excerpt":{"rendered":"<p>El Servicio General de Identificaci\u00f3n Personal (Segip), ubicado en la segunda planta del Megacenter, se qued\u00f3 sin energ\u00eda el\u00e9ctrica y por ende no hab\u00eda sistema para atender a las personas que requer\u00edan sacar la c\u00e9dula identidad. El motivo del corte es que el Segip deb\u00eda dos facturas de luz a Servicios El\u00e9ctricos de Tarija (Setar), [&hellip;]<\/p>\n","protected":false},"author":4,"featured_media":61410,"comment_status":"open","ping_status":"closed","sticky":false,"template":"","format":"standard","meta":{"footnotes":""},"categories":[39],"tags":[],"class_list":["post-61409","post","type-post","status-publish","format-standard","has-post-thumbnail","category-energia"],"_links":{"self":[{"href":"https:\/\/jms.com.bo\/mediamonitor\/wp-json\/wp\/v2\/posts\/61409","targetHints":{"allow":["GET"]}}],"collection":[{"href":"https:\/\/jms.com.bo\/mediamonitor\/wp-json\/wp\/v2\/posts"}],"about":[{"href":"https:\/\/jms.com.bo\/mediamonitor\/wp-json\/wp\/v2\/types\/post"}],"author":[{"embeddable":true,"href":"https:\/\/jms.com.bo\/mediamonitor\/wp-json\/wp\/v2\/users\/4"}],"replies":[{"embeddable":true,"href":"https:\/\/jms.com.bo\/mediamonitor\/wp-json\/wp\/v2\/comments?post=61409"}],"version-history":[{"count":0,"href":"https:\/\/jms.com.bo\/mediamonitor\/wp-json\/wp\/v2\/posts\/61409\/revisions"}],"wp:featuredmedia":[{"embeddable":true,"href":"https:\/\/jms.com.bo\/mediamonitor\/wp-json\/wp\/v2\/media\/61410"}],"wp:attachment":[{"href":"https:\/\/jms.com.bo\/mediamonitor\/wp-json\/wp\/v2\/media?parent=61409"}],"wp:term":[{"taxonomy":"category","embeddable":true,"href":"https:\/\/jms.com.bo\/mediamonitor\/wp-json\/wp\/v2\/categories?post=61409"},{"taxonomy":"post_tag","embeddable":true,"href":"https:\/\/jms.com.bo\/mediamonitor\/wp-json\/wp\/v2\/tags?post=61409"}],"curies":[{"name":"wp","href":"https:\/\/api.w.org\/{rel}","templated":true}]}}