{"id":61814,"date":"2023-12-14T06:30:44","date_gmt":"2023-12-14T10:30:44","guid":{"rendered":"https:\/\/jms.com.bo\/mediamonitor\/2023\/12\/14\/sucre-justicia-obliga-a-levantar-el-bloqueo\/"},"modified":"2023-12-14T06:30:44","modified_gmt":"2023-12-14T10:30:44","slug":"sucre-justicia-obliga-a-levantar-el-bloqueo","status":"publish","type":"post","link":"https:\/\/jms.com.bo\/mediamonitor\/2023\/12\/14\/sucre-justicia-obliga-a-levantar-el-bloqueo\/","title":{"rendered":"Sucre: Justicia obliga a levantar el bloqueo"},"content":{"rendered":"<p style=\"text-align: justify;\">Por decisi\u00f3n de la justicia, el bloqueo que llevaba adelante el transporte pesado en inmediaciones de la planta de Cal Orck&#8217;o de Fancesa fue suspendido. Durante los tres d\u00edas de la protesta, la factor\u00eda dej\u00f3 de vender cemento por cerca de seis millones de bolivianos. Ahora, los transportistas esperan una convocatoria al di\u00e1logo.<\/p>\n<p style=\"text-align: justify;\">PERJUICIOS<\/p>\n<p style=\"text-align: justify;\">Al t\u00e9rmino de la audiencia que se realiz\u00f3 en la Sala Constitucional Segunda, el director de Fancesa en representaci\u00f3n de la Alcald\u00eda, Cristian Nina, consider\u00f3 que la determinaci\u00f3n constitucional m\u00e1s importante fue que, a partir de hoy, los transportistas ya no podr\u00e1n realizar bloqueos perjudicando a la factor\u00eda como tambi\u00e9n a la poblaci\u00f3n. Este tipo de conflictos deber\u00e1 solucionarse en el \u00e1mbito administrativo.<\/p>\n<p style=\"text-align: justify;\">El lunes el transporte pesado comenz\u00f3 un bloqueo en inmediaciones de la planta de Cal Orck&#8217;o exigiendo el pago de fletes adeudos por Concretec y pidiendo a Fancesa la atenci\u00f3n a otras demandas. Seg\u00fan una cuantificaci\u00f3n inicial, la empresa no logr\u00f3 vender cerca de seis millones de bolivianos en cemento al mercado nacional.<\/p>\n<p style=\"text-align: justify;\">DI\u00c1LOGO<\/p>\n<p style=\"text-align: justify;\">Por su parte, Oscar Reynolds, secretario de Gobierno del Sindicato Regional del Transporte Pesado de Chuquisaca, dijo que aceptan la determinaci\u00f3n judicial y manifest\u00f3 que estar\u00e1n a la espera de la convocatoria al di\u00e1logo por parte de los ejecutivos de Fancesa como recomendaron los jueces.<\/p>\n<p style=\"text-align: justify;\">Se\u00f1al\u00f3 que hay toda la voluntad de su sector para solucionar el conflicto. Una muestra de esa determinaci\u00f3n fue declarar un cuarto intermedio y replegar sus unidades. \u201cEstamos dispuestos a dialogar a la brevedad posible pero en caso de que no llamen a di\u00e1logo, vamos a considerar que est\u00e1n desobedeciendo la ley\u201d.<\/p>\n","protected":false},"excerpt":{"rendered":"<p>Por decisi\u00f3n de la justicia, el bloqueo que llevaba adelante el transporte pesado en inmediaciones de la planta de Cal Orck&#8217;o de Fancesa fue suspendido. Durante los tres d\u00edas de la protesta, la factor\u00eda dej\u00f3 de vender cemento por cerca de seis millones de bolivianos. Ahora, los transportistas esperan una convocatoria al di\u00e1logo. PERJUICIOS Al [&hellip;]<\/p>\n","protected":false},"author":4,"featured_media":61815,"comment_status":"open","ping_status":"closed","sticky":false,"template":"","format":"standard","meta":{"footnotes":""},"categories":[49],"tags":[],"class_list":{"0":"post-61814","1":"post","2":"type-post","3":"status-publish","4":"format-standard","5":"has-post-thumbnail","7":"category-social"},"_links":{"self":[{"href":"https:\/\/jms.com.bo\/mediamonitor\/wp-json\/wp\/v2\/posts\/61814","targetHints":{"allow":["GET"]}}],"collection":[{"href":"https:\/\/jms.com.bo\/mediamonitor\/wp-json\/wp\/v2\/posts"}],"about":[{"href":"https:\/\/jms.com.bo\/mediamonitor\/wp-json\/wp\/v2\/types\/post"}],"author":[{"embeddable":true,"href":"https:\/\/jms.com.bo\/mediamonitor\/wp-json\/wp\/v2\/users\/4"}],"replies":[{"embeddable":true,"href":"https:\/\/jms.com.bo\/mediamonitor\/wp-json\/wp\/v2\/comments?post=61814"}],"version-history":[{"count":0,"href":"https:\/\/jms.com.bo\/mediamonitor\/wp-json\/wp\/v2\/posts\/61814\/revisions"}],"wp:featuredmedia":[{"embeddable":true,"href":"https:\/\/jms.com.bo\/mediamonitor\/wp-json\/wp\/v2\/media\/61815"}],"wp:attachment":[{"href":"https:\/\/jms.com.bo\/mediamonitor\/wp-json\/wp\/v2\/media?parent=61814"}],"wp:term":[{"taxonomy":"category","embeddable":true,"href":"https:\/\/jms.com.bo\/mediamonitor\/wp-json\/wp\/v2\/categories?post=61814"},{"taxonomy":"post_tag","embeddable":true,"href":"https:\/\/jms.com.bo\/mediamonitor\/wp-json\/wp\/v2\/tags?post=61814"}],"curies":[{"name":"wp","href":"https:\/\/api.w.org\/{rel}","templated":true}]}}