{"id":61816,"date":"2023-12-14T06:31:57","date_gmt":"2023-12-14T10:31:57","guid":{"rendered":"https:\/\/jms.com.bo\/mediamonitor\/2023\/12\/14\/campesinos-de-tarija-anuncian-bloqueo-de-carreteras-por-la-toma-de-su-sede-sindical\/"},"modified":"2023-12-14T06:31:57","modified_gmt":"2023-12-14T10:31:57","slug":"campesinos-de-tarija-anuncian-bloqueo-de-carreteras-por-la-toma-de-su-sede-sindical","status":"publish","type":"post","link":"https:\/\/jms.com.bo\/mediamonitor\/2023\/12\/14\/campesinos-de-tarija-anuncian-bloqueo-de-carreteras-por-la-toma-de-su-sede-sindical\/","title":{"rendered":"Campesinos de Tarija anuncian bloqueo de carreteras por la \u00abtoma\u00bb de su sede sindical"},"content":{"rendered":"<p style=\"text-align: justify;\">La Federaci\u00f3n Sindical \u00danica de Campesinos de Tarija, liderada por el dirigente de la Central de El Puente, Tom\u00e1s Vel\u00e1squez, determin\u00f3 ir a un bloqueo departamental de carreteras en Tarija, como protesta por la toma de su sede.<\/p>\n<p style=\"text-align: justify;\">Velasquez inform\u00f3 que los siete ejecutivos provinciales, representantes de m\u00e1s de 500 comunidades en Tarija, se reunir\u00e1n con sus bases para determinar la fecha y hora de inicio del bloqueo par acatar la decisi\u00f3n de la mayor\u00eda. Por el momento, se ha acordado un cuarto intermedio en las movilizaciones.<\/p>\n<p style=\"text-align: justify;\">La solicitud principal es que el Ministro de Gobierno o el Comandante departamental de la Polic\u00eda expliquen las razones detr\u00e1s de la intervenci\u00f3n en la casa sindical del sector campesino, as\u00ed como la utilizaci\u00f3n de gas lacrim\u00f3geno el pasado lunes 11, d\u00eda en el que estaba programado un congreso campesino.<\/p>\n<p style=\"text-align: justify;\">Esa jornada estuvo marcada por enfrentamientos y disputas entre dos dirigencias campesinas, lament\u00e1ndose la p\u00e9rdida de una persona de la tercera edad debido a un infarto.<\/p>\n<p style=\"text-align: justify;\">Finalmente, no hemos definido fecha ni hora por estrategia. Lo que hemos solicitado es que ninguna autoridad interfiera, ya que este es un asunto netamente sindical y queremos resolverlo internamente\u00bb, coment\u00f3 David Yuca a PlusTLT, dirigente campesino.<\/p>\n","protected":false},"excerpt":{"rendered":"<p>La Federaci\u00f3n Sindical \u00danica de Campesinos de Tarija, liderada por el dirigente de la Central de El Puente, Tom\u00e1s Vel\u00e1squez, determin\u00f3 ir a un bloqueo departamental de carreteras en Tarija, como protesta por la toma de su sede. Velasquez inform\u00f3 que los siete ejecutivos provinciales, representantes de m\u00e1s de 500 comunidades en Tarija, se reunir\u00e1n [&hellip;]<\/p>\n","protected":false},"author":4,"featured_media":61817,"comment_status":"open","ping_status":"closed","sticky":false,"template":"","format":"standard","meta":{"footnotes":""},"categories":[49],"tags":[],"class_list":{"0":"post-61816","1":"post","2":"type-post","3":"status-publish","4":"format-standard","5":"has-post-thumbnail","7":"category-social"},"_links":{"self":[{"href":"https:\/\/jms.com.bo\/mediamonitor\/wp-json\/wp\/v2\/posts\/61816","targetHints":{"allow":["GET"]}}],"collection":[{"href":"https:\/\/jms.com.bo\/mediamonitor\/wp-json\/wp\/v2\/posts"}],"about":[{"href":"https:\/\/jms.com.bo\/mediamonitor\/wp-json\/wp\/v2\/types\/post"}],"author":[{"embeddable":true,"href":"https:\/\/jms.com.bo\/mediamonitor\/wp-json\/wp\/v2\/users\/4"}],"replies":[{"embeddable":true,"href":"https:\/\/jms.com.bo\/mediamonitor\/wp-json\/wp\/v2\/comments?post=61816"}],"version-history":[{"count":0,"href":"https:\/\/jms.com.bo\/mediamonitor\/wp-json\/wp\/v2\/posts\/61816\/revisions"}],"wp:featuredmedia":[{"embeddable":true,"href":"https:\/\/jms.com.bo\/mediamonitor\/wp-json\/wp\/v2\/media\/61817"}],"wp:attachment":[{"href":"https:\/\/jms.com.bo\/mediamonitor\/wp-json\/wp\/v2\/media?parent=61816"}],"wp:term":[{"taxonomy":"category","embeddable":true,"href":"https:\/\/jms.com.bo\/mediamonitor\/wp-json\/wp\/v2\/categories?post=61816"},{"taxonomy":"post_tag","embeddable":true,"href":"https:\/\/jms.com.bo\/mediamonitor\/wp-json\/wp\/v2\/tags?post=61816"}],"curies":[{"name":"wp","href":"https:\/\/api.w.org\/{rel}","templated":true}]}}