{"id":61818,"date":"2023-12-14T06:33:11","date_gmt":"2023-12-14T10:33:11","guid":{"rendered":"https:\/\/jms.com.bo\/mediamonitor\/2023\/12\/14\/policia-desaloja-a-avasalladores-de-un-predio-en-proceso-de-saneamiento-en-san-ignacio-de-velasco\/"},"modified":"2023-12-14T06:33:11","modified_gmt":"2023-12-14T10:33:11","slug":"policia-desaloja-a-avasalladores-de-un-predio-en-proceso-de-saneamiento-en-san-ignacio-de-velasco","status":"publish","type":"post","link":"https:\/\/jms.com.bo\/mediamonitor\/2023\/12\/14\/policia-desaloja-a-avasalladores-de-un-predio-en-proceso-de-saneamiento-en-san-ignacio-de-velasco\/","title":{"rendered":"Polic\u00eda desaloja a avasalladores de un predio en proceso de saneamiento en San Ignacio de Velasco"},"content":{"rendered":"<p style=\"text-align: justify;\">El viceministro de R\u00e9gimen Interior, Jhonny Aguilera, comand\u00f3 un operativo policial en el municipio de San Ignacio de Velasco, para desalojar a un grupo de avasalladores que en junio ingresaron violentamente en una propiedad ganadera de 3.600 hect\u00e1reas.<\/p>\n<p style=\"text-align: justify;\">De acuerdo con un reporte del canal estatal Bolivia TV, Aguilera lleg\u00f3 al predio junto con un contingente policial de m\u00e1s de 100 efectivos y autoridades del Instituto Nacional de Reforma Agraria (INRA) para hacer cumplir la orden de desalojo.<\/p>\n<p style=\"text-align: justify;\">\u201cSe\u00f1ora, usted est\u00e1 en un terreno que es privado, as\u00ed que le rogamos que se retire porque vamos a tener que actuar de acuerdo a la ley. No puede estar convocando a la gente a evitar que la Polic\u00eda Boliviana recupere estos predios (\u2026)\u201d, advirti\u00f3 Aguilera a una de los ocupantes. Por su parte, la mujer afirm\u00f3 que \u201cten\u00eda documentaci\u00f3n\u201d en la Central Santa Rosa y que las tierras son fiscales.<\/p>\n<p style=\"text-align: justify;\">Se pudo observar que en el lugar, denominado Cerro Cor\u00e1, ya se hab\u00edan construido viviendas improvisadas y hab\u00eda maquinaria pesada para realizar desmontes.<\/p>\n<p style=\"text-align: justify;\">Seg\u00fan los funcionarios del INRA, se est\u00e1 cumpliendo con una \u201corden de lanzamiento\u201d remitida por la Direcci\u00f3n Departamental, ya que el predio se encuentra en proceso de saneamiento.<\/p>\n","protected":false},"excerpt":{"rendered":"<p>El viceministro de R\u00e9gimen Interior, Jhonny Aguilera, comand\u00f3 un operativo policial en el municipio de San Ignacio de Velasco, para desalojar a un grupo de avasalladores que en junio ingresaron violentamente en una propiedad ganadera de 3.600 hect\u00e1reas. De acuerdo con un reporte del canal estatal Bolivia TV, Aguilera lleg\u00f3 al predio junto con un [&hellip;]<\/p>\n","protected":false},"author":4,"featured_media":61819,"comment_status":"open","ping_status":"closed","sticky":false,"template":"","format":"standard","meta":{"footnotes":""},"categories":[49],"tags":[],"class_list":{"0":"post-61818","1":"post","2":"type-post","3":"status-publish","4":"format-standard","5":"has-post-thumbnail","7":"category-social"},"_links":{"self":[{"href":"https:\/\/jms.com.bo\/mediamonitor\/wp-json\/wp\/v2\/posts\/61818","targetHints":{"allow":["GET"]}}],"collection":[{"href":"https:\/\/jms.com.bo\/mediamonitor\/wp-json\/wp\/v2\/posts"}],"about":[{"href":"https:\/\/jms.com.bo\/mediamonitor\/wp-json\/wp\/v2\/types\/post"}],"author":[{"embeddable":true,"href":"https:\/\/jms.com.bo\/mediamonitor\/wp-json\/wp\/v2\/users\/4"}],"replies":[{"embeddable":true,"href":"https:\/\/jms.com.bo\/mediamonitor\/wp-json\/wp\/v2\/comments?post=61818"}],"version-history":[{"count":0,"href":"https:\/\/jms.com.bo\/mediamonitor\/wp-json\/wp\/v2\/posts\/61818\/revisions"}],"wp:featuredmedia":[{"embeddable":true,"href":"https:\/\/jms.com.bo\/mediamonitor\/wp-json\/wp\/v2\/media\/61819"}],"wp:attachment":[{"href":"https:\/\/jms.com.bo\/mediamonitor\/wp-json\/wp\/v2\/media?parent=61818"}],"wp:term":[{"taxonomy":"category","embeddable":true,"href":"https:\/\/jms.com.bo\/mediamonitor\/wp-json\/wp\/v2\/categories?post=61818"},{"taxonomy":"post_tag","embeddable":true,"href":"https:\/\/jms.com.bo\/mediamonitor\/wp-json\/wp\/v2\/tags?post=61818"}],"curies":[{"name":"wp","href":"https:\/\/api.w.org\/{rel}","templated":true}]}}