{"id":61826,"date":"2023-12-14T06:38:31","date_gmt":"2023-12-14T10:38:31","guid":{"rendered":"https:\/\/jms.com.bo\/mediamonitor\/2023\/12\/14\/conade-convoca-a-la-poblacion-a-marchar-en-contra-de-la-prorroga-de-mandato-de-los-magistrados\/"},"modified":"2023-12-14T06:38:31","modified_gmt":"2023-12-14T10:38:31","slug":"conade-convoca-a-la-poblacion-a-marchar-en-contra-de-la-prorroga-de-mandato-de-los-magistrados","status":"publish","type":"post","link":"https:\/\/jms.com.bo\/mediamonitor\/2023\/12\/14\/conade-convoca-a-la-poblacion-a-marchar-en-contra-de-la-prorroga-de-mandato-de-los-magistrados\/","title":{"rendered":"Conade convoca a la poblaci\u00f3n a marchar en contra de la pr\u00f3rroga de mandato de los magistrados"},"content":{"rendered":"<p style=\"text-align: justify;\">El Comit\u00e9 Nacional de Defensa de la Democracia (Conade) convoc\u00f3 a la ciudadan\u00eda en general a movilizarse contra la \u00abautopr\u00f3rroga\u00bb de mandatos de los magistrados hasta que se lleven adelante nuevas elecciones judiciales.<\/p>\n<p style=\"text-align: justify;\">El ente de la sociedad civil llam\u00f3 a las \u00abfuerzas pol\u00edticas democr\u00e1ticas, movimiento c\u00edvico nacional, plataformas ciudadanas, bloque de unidad, organizaciones universitarias y a la comunidad de compatriotas\u00bb, a realizar acciones conjuntas contra la determinaci\u00f3n del Tribunal Constitucional Plurinacional (TCP).<\/p>\n<p style=\"text-align: justify;\">\u00abEl TCP ha decidido realizar un asalto al \u00d3rgano Judicial, usurpar cargos que no le corresponden. Debemos ser claros, no es una pr\u00f3rroga es un VERDADERO GOLPE DE ESTADO\u00bb, se lee en el comunicado que sac\u00f3 el Conade.<\/p>\n<p style=\"text-align: justify;\">La convocatoria se hizo luego de que el TCP dispusiera la pr\u00f3rroga del mandato de los Magistrados del Tribunal Supremo de Justicia, Tribunal Agroambiental, Tribunal Constitucional Plurinacional y Consejo de la Magistratura, mismos que fenecen en enero de 2024.<\/p>\n<p style=\"text-align: justify;\">\u00abNo existe, en consecuencia, ninguna posibilidad de que ex Magistrados, que fenecieron en su mandato puedan usurpar estos cargos. Si se diera el acto de usurpaci\u00f3n, en los hechos, es obligaci\u00f3n de la ciudadan\u00eda y de los \u00f3rganos del Estado impedir, por todos los medios, este acto ilegal\u00bb, indica parte del documento.<\/p>\n<p style=\"text-align: justify;\">Asimismo, el Conade se\u00f1al\u00f3 que la pr\u00f3rroga de tales autoridades es parte de una estrategia pol\u00edtica y judicial que cuenta con el apoyo del gobierno de Luis Arce y de varios de los legisladores que lo apoyan.<\/p>\n<p style=\"text-align: justify;\">\n","protected":false},"excerpt":{"rendered":"<p>El Comit\u00e9 Nacional de Defensa de la Democracia (Conade) convoc\u00f3 a la ciudadan\u00eda en general a movilizarse contra la \u00abautopr\u00f3rroga\u00bb de mandatos de los magistrados hasta que se lleven adelante nuevas elecciones judiciales. El ente de la sociedad civil llam\u00f3 a las \u00abfuerzas pol\u00edticas democr\u00e1ticas, movimiento c\u00edvico nacional, plataformas ciudadanas, bloque de unidad, organizaciones universitarias [&hellip;]<\/p>\n","protected":false},"author":4,"featured_media":61827,"comment_status":"open","ping_status":"closed","sticky":false,"template":"","format":"standard","meta":{"footnotes":""},"categories":[18],"tags":[],"class_list":{"0":"post-61826","1":"post","2":"type-post","3":"status-publish","4":"format-standard","5":"has-post-thumbnail","7":"category-politica"},"_links":{"self":[{"href":"https:\/\/jms.com.bo\/mediamonitor\/wp-json\/wp\/v2\/posts\/61826","targetHints":{"allow":["GET"]}}],"collection":[{"href":"https:\/\/jms.com.bo\/mediamonitor\/wp-json\/wp\/v2\/posts"}],"about":[{"href":"https:\/\/jms.com.bo\/mediamonitor\/wp-json\/wp\/v2\/types\/post"}],"author":[{"embeddable":true,"href":"https:\/\/jms.com.bo\/mediamonitor\/wp-json\/wp\/v2\/users\/4"}],"replies":[{"embeddable":true,"href":"https:\/\/jms.com.bo\/mediamonitor\/wp-json\/wp\/v2\/comments?post=61826"}],"version-history":[{"count":0,"href":"https:\/\/jms.com.bo\/mediamonitor\/wp-json\/wp\/v2\/posts\/61826\/revisions"}],"wp:featuredmedia":[{"embeddable":true,"href":"https:\/\/jms.com.bo\/mediamonitor\/wp-json\/wp\/v2\/media\/61827"}],"wp:attachment":[{"href":"https:\/\/jms.com.bo\/mediamonitor\/wp-json\/wp\/v2\/media?parent=61826"}],"wp:term":[{"taxonomy":"category","embeddable":true,"href":"https:\/\/jms.com.bo\/mediamonitor\/wp-json\/wp\/v2\/categories?post=61826"},{"taxonomy":"post_tag","embeddable":true,"href":"https:\/\/jms.com.bo\/mediamonitor\/wp-json\/wp\/v2\/tags?post=61826"}],"curies":[{"name":"wp","href":"https:\/\/api.w.org\/{rel}","templated":true}]}}