{"id":61828,"date":"2023-12-14T06:39:59","date_gmt":"2023-12-14T10:39:59","guid":{"rendered":"https:\/\/jms.com.bo\/mediamonitor\/2023\/12\/14\/expertos-en-fallo-del-tcp-hubo-cuatro-acciones-contra-la-cpe\/"},"modified":"2023-12-14T06:39:59","modified_gmt":"2023-12-14T10:39:59","slug":"expertos-en-fallo-del-tcp-hubo-cuatro-acciones-contra-la-cpe","status":"publish","type":"post","link":"https:\/\/jms.com.bo\/mediamonitor\/2023\/12\/14\/expertos-en-fallo-del-tcp-hubo-cuatro-acciones-contra-la-cpe\/","title":{"rendered":"Expertos: En fallo del TCP hubo cuatro acciones contra la CPE"},"content":{"rendered":"<p style=\"text-align: justify;\">Con la decisi\u00f3n que asumi\u00f3 el Tribunal Constitucional Plurinacional incurri\u00f3 en cuatro acciones que van contra la Carta Magna, seg\u00fan abogados, pol\u00edticos y constitucionalistas: Cometieron un golpe a la justicia, excedieron su competencia al quitar atribuciones al Legislativo, le pidieron que se pronuncie sobre una ley y aprovech\u00f3 para autoprorrogarse; y no vel\u00f3 por la supremac\u00eda de la CPE, porque incumpli\u00f3 plazos<\/p>\n<p style=\"text-align: justify;\">El diputado de Comunidad Ciudadana (CC), Marcelo Pedrazas, ve que este fallo es un autogolpe que hace el Tribunal Constitucional a la justicia y un fraude constitucional. \u201cEquiparo esta sentencia con la 0084, la de la re reelecci\u00f3n\u201d, asever\u00f3.<\/p>\n<p style=\"text-align: justify;\">\u201cEse escenario que construye este \u00f3rgano de la justicia, que debiera proteger, ser el guardi\u00e1n de la CPE y las leyes, termina vulnerando la carta magna y cometiendo delitos\u201d.<\/p>\n<p style=\"text-align: justify;\">Complement\u00f3 que lo parad\u00f3gico es que el TCP \u201cque decide por la pr\u00f3rroga hasta ahora no resuelve el tema de la re reelecci\u00f3n del que depende el futuro pol\u00edtico de Evo Morales duerme ah\u00ed, pero cuando resulta que tienen que prorrogarse, incumplen plazos, para evitar que hayan elecciones judiciales y se prorrogan en el momento exacto\u201d.<\/p>\n<p style=\"text-align: justify;\">En esa misma l\u00ednea, el abogado constitucionalista Israel Quino expres\u00f3 que es un\u201cgolpe judicial a la democracia en Bolivia.La Declaraci\u00f3n Constitucional 049\/2023 que autoprorroga funciones de la c\u00fapula judicial por encima del periodo de funciones es una resoluci\u00f3n inconstitucional. Un juez no puede fallar para s\u00ed mismo y no existe caso de excepcionalidad\u201d.<\/p>\n<p style=\"text-align: justify;\">El tambi\u00e9n constitucionalista Gustavo Mendoza Orozco remat\u00f3 que es un golpe porque es una decisi\u00f3n \u201casumida por autoridades a quienes les queda menos de tres semanas de periodo constitucional en sus funciones, en un escenario de crisis judicial que d\u00eda a d\u00eda encuentra niveles aun m\u00e1s profundos\u201d.<\/p>\n<p style=\"text-align: justify;\">Dijo que ante el vac\u00edo de poder inminente, el TCP debi\u00f3 exhortar al Organo Legislativo emitir una Ley excepcional para regular el mismo, \u201cpor una raz\u00f3n l\u00f3gica, porque el Legislativo es el organo con mayor legitimidad (mayor representaci\u00f3n), recordemos que cuenta con 166 representantes elegidos por la poblaciones, frente a los 9 magistrados elegidos, quienes conforman el Tribunal Constitucional Plurinacional\u201d.<\/p>\n<p style=\"text-align: justify;\">Aqu\u00ed se introduce el segundo elemento que es, como defini\u00f3 el expresidente de Bolivia y de la Corte Suprema de Justicia, Eduardo Rodr\u00edguez Velt\u00e9, que \u201cel TCP excedi\u00f3 su competencia al \u2018disponer\u2019 pr\u00f3rroga de su propio mandato, expresamente limitado por la Constituci\u00f3n que sanciona con nulidad actos de quienes usurpan funciones fuera de la ley\u201d, public\u00f3 en X.<\/p>\n<p style=\"text-align: justify;\">Adem\u00e1s, argument\u00f3 que \u201cEl TCP no vel\u00f3 por la supremac\u00eda de la Constituci\u00f3n en control de constitucionalidad al demorar injustificadamente la atenci\u00f3n de recursos y consultas, que suspendieron el oportuno ejercicio de la funci\u00f3n legislativa. No asegur\u00f3 vigencia de derechos y garant\u00edas fundamentales al coartar el derecho ciudadano de conformar el \u00d3rgano Judicial y al restringir la obligaci\u00f3n del Estado de asegurar una justicia imparcial para ejercicio de derechos y libertades\u201d.<\/p>\n<p style=\"text-align: justify;\">Rodr\u00edguez Veltz\u00e9 afirm\u00f3 despu\u00e9s: \u201cTampoco repararon en advertir que sus intereses entraron en conflicto, prohibici\u00f3n prevista por la CPE\u201d. \u201cSombr\u00edo precedente, desconoce la constituyente y debilita la democracia\u201d, cerr\u00f3 su cuestionamiento.<\/p>\n<p style=\"text-align: justify;\">Mendozaclarific\u00f3 el tercer aspecto. \u201cEjerc\u00eda una atribuci\u00f3n en el marco del control preventivo, antes de la vigencia de la norma, pero va m\u00e1s all\u00e1. Se debi\u00f3 limitar a determinar la constitucionalidad o la inconstitucionalidad de ese proyecto, y lo que hace es prorrogarse\u201d. Y el cuarto, que para ello manipularon los plazos.<\/p>\n<p style=\"text-align: justify;\">El presidente del Ilustre Colegio de Abogados de Chuquisaca (ICACH), Juan Pablo Cervantes, cuestion\u00f3 que los magistrados se hayan convertido en juez y parte en una declaraci\u00f3n Constitucional que les beneficia a ellos mismos con la autopr\u00f3rroga y anunci\u00f3 un pronunciamiento y no descart\u00f3 denunciar a los magistrados ante la Comisi\u00f3n Interamericana de Derechos Humanos (CIDH).<\/p>\n<p style=\"text-align: justify;\">\u201cEste fallo deja en tela de juicio la imparcialidad, esa declaraci\u00f3n adolece de serios errores y han sacado tal cual la sentencia que avala la reelecci\u00f3n de Evo Morales\u201d, se\u00f1al\u00f3 Cervantes.<\/p>\n<p style=\"text-align: justify;\">En criterio del exmagistrado del Tribunal Constitucional, Marco Antonio Baldivieso, el TCP usurpando las funciones del titular de la soberan\u00eda que es el pueblo asume la decisi\u00f3n de prorrogarse el mandato. \u201cEl propio guardi\u00e1n y custodio de la Constituci\u00f3n la ha vulnerado, qui\u00e9n podr\u00e1 defendernos, qui\u00e9n va a defender a Bolivia si el encargado de hacer cumplir la Constituci\u00f3n, la vulnera, la cambia, la modifica para hacer un favor pol\u00edtico\u201d, manifest\u00f3.<\/p>\n","protected":false},"excerpt":{"rendered":"<p>Con la decisi\u00f3n que asumi\u00f3 el Tribunal Constitucional Plurinacional incurri\u00f3 en cuatro acciones que van contra la Carta Magna, seg\u00fan abogados, pol\u00edticos y constitucionalistas: Cometieron un golpe a la justicia, excedieron su competencia al quitar atribuciones al Legislativo, le pidieron que se pronuncie sobre una ley y aprovech\u00f3 para autoprorrogarse; y no vel\u00f3 por la [&hellip;]<\/p>\n","protected":false},"author":4,"featured_media":61829,"comment_status":"open","ping_status":"closed","sticky":false,"template":"","format":"standard","meta":{"footnotes":""},"categories":[18],"tags":[],"class_list":{"0":"post-61828","1":"post","2":"type-post","3":"status-publish","4":"format-standard","5":"has-post-thumbnail","7":"category-politica"},"_links":{"self":[{"href":"https:\/\/jms.com.bo\/mediamonitor\/wp-json\/wp\/v2\/posts\/61828","targetHints":{"allow":["GET"]}}],"collection":[{"href":"https:\/\/jms.com.bo\/mediamonitor\/wp-json\/wp\/v2\/posts"}],"about":[{"href":"https:\/\/jms.com.bo\/mediamonitor\/wp-json\/wp\/v2\/types\/post"}],"author":[{"embeddable":true,"href":"https:\/\/jms.com.bo\/mediamonitor\/wp-json\/wp\/v2\/users\/4"}],"replies":[{"embeddable":true,"href":"https:\/\/jms.com.bo\/mediamonitor\/wp-json\/wp\/v2\/comments?post=61828"}],"version-history":[{"count":0,"href":"https:\/\/jms.com.bo\/mediamonitor\/wp-json\/wp\/v2\/posts\/61828\/revisions"}],"wp:featuredmedia":[{"embeddable":true,"href":"https:\/\/jms.com.bo\/mediamonitor\/wp-json\/wp\/v2\/media\/61829"}],"wp:attachment":[{"href":"https:\/\/jms.com.bo\/mediamonitor\/wp-json\/wp\/v2\/media?parent=61828"}],"wp:term":[{"taxonomy":"category","embeddable":true,"href":"https:\/\/jms.com.bo\/mediamonitor\/wp-json\/wp\/v2\/categories?post=61828"},{"taxonomy":"post_tag","embeddable":true,"href":"https:\/\/jms.com.bo\/mediamonitor\/wp-json\/wp\/v2\/tags?post=61828"}],"curies":[{"name":"wp","href":"https:\/\/api.w.org\/{rel}","templated":true}]}}