{"id":61830,"date":"2023-12-14T06:42:38","date_gmt":"2023-12-14T10:42:38","guid":{"rendered":"https:\/\/jms.com.bo\/mediamonitor\/2023\/12\/14\/cidh-ve-escasos-avances-y-anez-pide-incluir-a-evo\/"},"modified":"2023-12-14T06:42:38","modified_gmt":"2023-12-14T10:42:38","slug":"cidh-ve-escasos-avances-y-anez-pide-incluir-a-evo","status":"publish","type":"post","link":"https:\/\/jms.com.bo\/mediamonitor\/2023\/12\/14\/cidh-ve-escasos-avances-y-anez-pide-incluir-a-evo\/","title":{"rendered":"CIDH ve escasos avances y \u00c1\u00f1ez pide incluir a Evo"},"content":{"rendered":"<p style=\"text-align: justify;\">El relator para Bolivia de la Comisi\u00f3n Interamericana de Derechos Humanos (CIDH), Jos\u00e9 Luis Caballero, en su informe anual, reconoci\u00f3 que el pa\u00eds tiene \u201cescaso avance\u201d en las investigaciones sobre la crisis pol\u00edtica y social de 2019. De las 36 recomendaciones solo cuatro fueron cumplidas. En ese contexto, la expresidenta Jeanine \u00c1\u00f1ez pidi\u00f3 al organismo internacional incluir en su investigaci\u00f3n a Evo Morales.<\/p>\n<p style=\"text-align: justify;\">La CIDH present\u00f3 este mi\u00e9rcoles el primer informe de seguimiento de las recomendaciones del Grupo Interdisciplinario de Expertos Independientes (GIEI) sobre la crisis pol\u00edtica y social de Bolivia en 2019. El informe, elaborado por la Mesa de Seguimiento a la Implementaci\u00f3n de las Recomendaciones del GIEI-Bolivia (Meseg), destaca que el pa\u00eds solo cumpli\u00f3 cabalmente cuatro de las 36 recomendaciones.<\/p>\n<p style=\"text-align: justify;\">\u201cEl informe se\u00f1al\u00f3 una especial preocupaci\u00f3n por el elevado n\u00famero de investigaciones que reportan escasos avances en la determinaci\u00f3n de responsabilidades ante graves violaciones a derechos humanos en 2019, lo que impacta directamente el acceso a la justicia de las v\u00edctimas\u201d, dijo Caballero.<\/p>\n<p style=\"text-align: justify;\">Entre los procesos judiciales que resultaron de los hechos de 2019, existen detenidos por los casos Senkata, Sacaba y otros referidos a la muerte de manifestantes que rechazaban la asunci\u00f3n de Jeanine \u00c1\u00f1ez. Sin embargo, tambi\u00e9n existes otros procesos cuyo avance ha sido cuestionado por las v\u00edctimas, como de las muertes en Montero, la quema de los buses Puma Katari y las viviendas del exdefensor del Pueblo, Waldo Albarrac\u00edn y la periodista Casimira Lema.<\/p>\n<p style=\"text-align: justify;\">Sin embargo Caballero, tambi\u00e9n destac\u00f3 los avances que existen para quitar de la normativa penal los delitos de sedici\u00f3n y terrorismo, que afines al Gobierno usaron para acusar a varios de sus detractores pol\u00edticos.<\/p>\n<p style=\"text-align: justify;\">Resalt\u00f3 el avance en la creaci\u00f3n de mecanismos nacionales contra la tortura. Aunque reiter\u00f3 que la CIDH \u201cve un escaso avance\u201d en las investigaciones de la crisis pol\u00edtica del 2019. Adem\u00e1s, recomend\u00f3 trabajar en una ley para resarcir da\u00f1os a las v\u00edctimas.<\/p>\n<p style=\"text-align: justify;\">Ante este panorama, la Comisi\u00f3n valora enormemente el compromiso, los avances en las acciones emprendidas por el Estado para cumplir con las recomendaciones emitidas por el GIEI Bolivia en 2021, a la vez de concluir que quedan a\u00fan pasos relevantes tambi\u00e9n para afianzar este cumplimiento de estos retos y desaf\u00edos pendientes\u201d, agreg\u00f3.<\/p>\n<p style=\"text-align: justify;\">realizadas por el organismo<\/p>\n<p style=\"text-align: justify;\">CUMPLIDAS<\/p>\n<p style=\"text-align: justify;\">La creaci\u00f3n de la Mesa de Seguimiento a la Implementaci\u00f3n de las Recomendaciones del GIEI-Bolivia.<\/p>\n<p style=\"text-align: justify;\">La presentaci\u00f3n del plan de reparaciones a las v\u00edctimas de las violaciones a los derechos humanos.<\/p>\n<p style=\"text-align: justify;\">La realizaci\u00f3n de un foro sobre racismo y perspectiva de g\u00e9nero.<\/p>\n<p style=\"text-align: justify;\">El avance para dejar sin efecto las normas sobre prescriptibilidad o amnist\u00eda sobre violaciones graves a los derechos humanos.<\/p>\n<p style=\"text-align: justify;\">INCUMPLIDAS<\/p>\n<p style=\"text-align: justify;\">Garantizar la independencia del sistema de justicia, lo cual incluye que las autoridades pol\u00edticas se abstengan de pronunciarse sobre investigaciones y procesos penales.<\/p>\n<p style=\"text-align: justify;\">Revisar la institucionalidad del \u00d3rgano Electoral para garantizar su efectiva autonom\u00eda administrativa y funcional.<\/p>\n<p style=\"text-align: justify;\">Investigar \u2013de manera seria, efectiva, exhaustiva, diligente, con pleno respeto del debido proceso y de los derechos de las v\u00edctimas y de las personas imputadas y procesadas\u2013, juzgar y, en su caso, aplicar sanciones a los responsables de los hechos.<\/p>\n<p style=\"text-align: justify;\">Que cada una de las instituciones p\u00fablicas preste la m\u00e1s amplia colaboraci\u00f3n para esclarecer la verdad y adelantar las investigaciones. En especial, que las Fuerzas Armadas remitan al Ministerio P\u00fablico y al \u00f3rgano judicial toda la documentaci\u00f3n relevante.<\/p>\n<p style=\"text-align: justify;\">\u00c1\u00f1ez le pide a la CIDH investigar al expresidente Morales<\/p>\n<p style=\"text-align: justify;\">Desde la c\u00e1rcel, Jeanine \u00c1\u00f1ez pidi\u00f3 a la CIDH que Evo Morales tambi\u00e9n sea incluido en la investigaci\u00f3n por los hechos de 2019 ya que considera que varios sucesos se registraron durante los \u00faltimos d\u00edas de gobierno del expresidente del Estado.<\/p>\n<p style=\"text-align: justify;\">\u00c1\u00f1ez envi\u00f3 una carta al comisionado de la CIDH Jos\u00e9 Luis Caballero. \u201cRecordar que el citado Informe del GIEI abarca un periodo entre el 1 de septiembre al 31 de diciembre de 2019, lo cual implica dos mandatos presidenciales. Es decir, tambi\u00e9n al se\u00f1or Evo Morales Ayma y otras personas vinculadas, siendo hechos como los Ventilla y Montero, entre otros, los que tambi\u00e9n corresponde investigar y sancionar\u201d, dice la carta. El caso Ventilla se refiere a vulneraciones a derechos humanos que sufri\u00f3 una caravana que se trasladaba desde Potos\u00ed, para pedir la renuncia de Morales, mientras que el caso Montero tiene que ver con la muerte dos personas del bando c\u00edvico durante un enfrentamiento.<\/p>\n<p style=\"text-align: justify;\">\u00c1\u00f1ez lament\u00f3 que no haya sido investigado Morales y considera que esto demuestra la falta de independencia de la justicia.<\/p>\n<p style=\"text-align: justify;\">Denunci\u00f3 que solo han existido investigaciones parcializadas en su contra.<\/p>\n","protected":false},"excerpt":{"rendered":"<p>El relator para Bolivia de la Comisi\u00f3n Interamericana de Derechos Humanos (CIDH), Jos\u00e9 Luis Caballero, en su informe anual, reconoci\u00f3 que el pa\u00eds tiene \u201cescaso avance\u201d en las investigaciones sobre la crisis pol\u00edtica y social de 2019. De las 36 recomendaciones solo cuatro fueron cumplidas. En ese contexto, la expresidenta Jeanine \u00c1\u00f1ez pidi\u00f3 al organismo [&hellip;]<\/p>\n","protected":false},"author":4,"featured_media":61831,"comment_status":"open","ping_status":"closed","sticky":false,"template":"","format":"standard","meta":{"footnotes":""},"categories":[18,48,46],"tags":[],"class_list":{"0":"post-61830","1":"post","2":"type-post","3":"status-publish","4":"format-standard","5":"has-post-thumbnail","7":"category-politica","8":"category-portada-general-sitio","9":"category-portada-politica"},"_links":{"self":[{"href":"https:\/\/jms.com.bo\/mediamonitor\/wp-json\/wp\/v2\/posts\/61830","targetHints":{"allow":["GET"]}}],"collection":[{"href":"https:\/\/jms.com.bo\/mediamonitor\/wp-json\/wp\/v2\/posts"}],"about":[{"href":"https:\/\/jms.com.bo\/mediamonitor\/wp-json\/wp\/v2\/types\/post"}],"author":[{"embeddable":true,"href":"https:\/\/jms.com.bo\/mediamonitor\/wp-json\/wp\/v2\/users\/4"}],"replies":[{"embeddable":true,"href":"https:\/\/jms.com.bo\/mediamonitor\/wp-json\/wp\/v2\/comments?post=61830"}],"version-history":[{"count":0,"href":"https:\/\/jms.com.bo\/mediamonitor\/wp-json\/wp\/v2\/posts\/61830\/revisions"}],"wp:featuredmedia":[{"embeddable":true,"href":"https:\/\/jms.com.bo\/mediamonitor\/wp-json\/wp\/v2\/media\/61831"}],"wp:attachment":[{"href":"https:\/\/jms.com.bo\/mediamonitor\/wp-json\/wp\/v2\/media?parent=61830"}],"wp:term":[{"taxonomy":"category","embeddable":true,"href":"https:\/\/jms.com.bo\/mediamonitor\/wp-json\/wp\/v2\/categories?post=61830"},{"taxonomy":"post_tag","embeddable":true,"href":"https:\/\/jms.com.bo\/mediamonitor\/wp-json\/wp\/v2\/tags?post=61830"}],"curies":[{"name":"wp","href":"https:\/\/api.w.org\/{rel}","templated":true}]}}