{"id":63407,"date":"2024-02-14T06:24:12","date_gmt":"2024-02-14T10:24:12","guid":{"rendered":"https:\/\/jms.com.bo\/mediamonitor\/2024\/02\/14\/los-casos-de-covid-19-bajan-39-y-es-la-cuarta-semana-de-descensos\/"},"modified":"2024-02-14T06:24:12","modified_gmt":"2024-02-14T10:24:12","slug":"los-casos-de-covid-19-bajan-39-y-es-la-cuarta-semana-de-descensos","status":"publish","type":"post","link":"https:\/\/jms.com.bo\/mediamonitor\/2024\/02\/14\/los-casos-de-covid-19-bajan-39-y-es-la-cuarta-semana-de-descensos\/","title":{"rendered":"Los casos de COVID-19 bajan 39% y es la cuarta semana de descensos"},"content":{"rendered":"<p style=\"text-align: justify;\">Por cuarta semana consecutiva, los casos de COVID-19 bajaron, esta vez en 39%, seg\u00fan el reporte del Ministerio de Salud. Sin embargo, esta cartera de Estado evaluar\u00e1 el comportamiento del virus luego de la fiesta de Carnaval.<\/p>\n<p style=\"text-align: justify;\">\u201cNosotros seguimos trabajando con todo lo que es la vigilancia epidemiol\u00f3gica activa. No hay un reporte de incremento en esta semana epidemiol\u00f3gica. De hecho, se ha presentado 728 casos menos que la semana anterior; mostramos una reducci\u00f3n del 39%. Pero estos datos solamente son preliminares, por lo tanto, para nosotros ser\u00eda la cuarta semana consecutiva con reducci\u00f3n de casos\u201d, inform\u00f3 la ministra de Salud, Mar\u00eda Ren\u00e9e Castro.<\/p>\n<p style=\"text-align: justify;\">En la semana epidemiol\u00f3gica 6 de 2024 (del 4 al 10 de febrero) el reporte nacional es: 1.139 nuevos casos confirmados, 728 menos que la semana anterior (1.867).<\/p>\n<p style=\"text-align: justify;\">\u201cAhora el efecto del Carnaval lo vamos a ver todav\u00eda durante esta semana epidemiol\u00f3gica que viene. Veremos cu\u00e1l es el comportamiento del virus durante estas festividades y esperemos que sigamos notificando la misma reducci\u00f3n\u201d, augur\u00f3 la ministra.<\/p>\n<p style=\"text-align: justify;\">VACUNA<\/p>\n<p style=\"text-align: justify;\">Castro record\u00f3 a la poblaci\u00f3n que el Gobierno distribuy\u00f3 m\u00e1s de 600.000 dosis de la vacuna anticovid pedi\u00e1trica y para adultos para su aplicaci\u00f3n en todos los servicios departamentales de salud. Tambi\u00e9n para que los escolares puedan volver a clases vacunados y protegidos, no solo contra el SARS-CoV-2; tambi\u00e9n contra la influenza, como establece el protocolo de bioseguridad aprobado junto con el Ministerio de Educaci\u00f3n.<\/p>\n<p style=\"text-align: justify;\">La ministra convoc\u00f3 a los padres y madres de familia a autorizar la vacunaci\u00f3n de sus hijos. Las dosis de COVID-19 y de la influenza son gratuitas y seguras.<\/p>\n<p style=\"text-align: justify;\">\u201cHay diferentes estrategias que est\u00e1n aplic\u00e1ndose en los departamentos. En Santa Cruz y en alg\u00fan otro departamento se han empezado a movilizar las vacunas hacia las diferentes unidades educativas. Lo \u00fanico que est\u00e1n pidiendo los servicios departamentales es que los padres autoricen la vacunaci\u00f3n\u201d, detall\u00f3 la autoridad.<\/p>\n<p style=\"text-align: justify;\">Aclar\u00f3 que no existe ninguna complicaci\u00f3n para que las ni\u00f1as y ni\u00f1os reciban al mismo tiempo la vacuna anticovid y antiinfluenza; solo las molestias leves en el lugar de la inyecci\u00f3n.<\/p>\n","protected":false},"excerpt":{"rendered":"<p>Por cuarta semana consecutiva, los casos de COVID-19 bajaron, esta vez en 39%, seg\u00fan el reporte del Ministerio de Salud. Sin embargo, esta cartera de Estado evaluar\u00e1 el comportamiento del virus luego de la fiesta de Carnaval. \u201cNosotros seguimos trabajando con todo lo que es la vigilancia epidemiol\u00f3gica activa. No hay un reporte de incremento [&hellip;]<\/p>\n","protected":false},"author":4,"featured_media":63408,"comment_status":"open","ping_status":"closed","sticky":false,"template":"","format":"standard","meta":{"footnotes":""},"categories":[53],"tags":[],"class_list":{"0":"post-63407","1":"post","2":"type-post","3":"status-publish","4":"format-standard","5":"has-post-thumbnail","7":"category-salud"},"_links":{"self":[{"href":"https:\/\/jms.com.bo\/mediamonitor\/wp-json\/wp\/v2\/posts\/63407","targetHints":{"allow":["GET"]}}],"collection":[{"href":"https:\/\/jms.com.bo\/mediamonitor\/wp-json\/wp\/v2\/posts"}],"about":[{"href":"https:\/\/jms.com.bo\/mediamonitor\/wp-json\/wp\/v2\/types\/post"}],"author":[{"embeddable":true,"href":"https:\/\/jms.com.bo\/mediamonitor\/wp-json\/wp\/v2\/users\/4"}],"replies":[{"embeddable":true,"href":"https:\/\/jms.com.bo\/mediamonitor\/wp-json\/wp\/v2\/comments?post=63407"}],"version-history":[{"count":0,"href":"https:\/\/jms.com.bo\/mediamonitor\/wp-json\/wp\/v2\/posts\/63407\/revisions"}],"wp:featuredmedia":[{"embeddable":true,"href":"https:\/\/jms.com.bo\/mediamonitor\/wp-json\/wp\/v2\/media\/63408"}],"wp:attachment":[{"href":"https:\/\/jms.com.bo\/mediamonitor\/wp-json\/wp\/v2\/media?parent=63407"}],"wp:term":[{"taxonomy":"category","embeddable":true,"href":"https:\/\/jms.com.bo\/mediamonitor\/wp-json\/wp\/v2\/categories?post=63407"},{"taxonomy":"post_tag","embeddable":true,"href":"https:\/\/jms.com.bo\/mediamonitor\/wp-json\/wp\/v2\/tags?post=63407"}],"curies":[{"name":"wp","href":"https:\/\/api.w.org\/{rel}","templated":true}]}}