{"id":63409,"date":"2024-02-14T06:25:37","date_gmt":"2024-02-14T10:25:37","guid":{"rendered":"https:\/\/jms.com.bo\/mediamonitor\/2024\/02\/14\/defensa-civil-analiza-condiciones-para-siembra-de-nubes-en-chuquisaca-y-potosi\/"},"modified":"2024-02-14T06:25:37","modified_gmt":"2024-02-14T10:25:37","slug":"defensa-civil-analiza-condiciones-para-siembra-de-nubes-en-chuquisaca-y-potosi","status":"publish","type":"post","link":"https:\/\/jms.com.bo\/mediamonitor\/2024\/02\/14\/defensa-civil-analiza-condiciones-para-siembra-de-nubes-en-chuquisaca-y-potosi\/","title":{"rendered":"Defensa Civil analiza condiciones para siembra de nubes en Chuquisaca y Potos\u00ed"},"content":{"rendered":"<p style=\"text-align: justify;\">Equipos t\u00e9cnicos \u2013 conformados por el Servicio Nacional de Meteorolog\u00eda Hidrolog\u00eda (Senamhi), la Fuerza A\u00e9rea Boliviana (FAB) y las universidades Tom\u00e1s Fr\u00edas de Potos\u00ed y San Francisco Xavier de Chuquisaca \u2013 analiza las condiciones para realizar una estimulaci\u00f3n de nubes en estos departamentos.<\/p>\n<p style=\"text-align: justify;\">\u201cSe ha analizado las solicitudes que hubo de otros departamentos interesados en replicar la t\u00e9cnica del bombardeo de nubes, tal es el caso de Potos\u00ed y Chuquisaca, son dos departamentos que est\u00e1n trabajando para generar lluvias\u201d, inform\u00f3 el viceministro de Defensa civil, Juan Carlos Calvimontes.<\/p>\n<p style=\"text-align: justify;\">El bombardeo de nubes o siembra de nubes es una t\u00e9cnica utilizada para provocar lluvias mediante agentes qu\u00edmicos, principalmente, yoduro de plata, que se descarga en distintas formaciones nubosas.<\/p>\n<p style=\"text-align: justify;\">Las gobernaciones, el Senamhi, las universidades, las comunidades solicitantes y el Viceministerio de Defensa Civil trabajan para hacer el sembrado de nubes respectivo.<\/p>\n<p style=\"text-align: justify;\">La siembra de nubes fue realizada en 2023 y sus resultados fueron exitosos por lo que durante los pr\u00f3ximos d\u00edas ser\u00e1 replicado en la regi\u00f3n del Cono Sur de Cochabamba. Tambi\u00e9n se analiza en el municipio de Pail\u00f3n, en Santa Cruz.<\/p>\n","protected":false},"excerpt":{"rendered":"<p>Equipos t\u00e9cnicos \u2013 conformados por el Servicio Nacional de Meteorolog\u00eda Hidrolog\u00eda (Senamhi), la Fuerza A\u00e9rea Boliviana (FAB) y las universidades Tom\u00e1s Fr\u00edas de Potos\u00ed y San Francisco Xavier de Chuquisaca \u2013 analiza las condiciones para realizar una estimulaci\u00f3n de nubes en estos departamentos. \u201cSe ha analizado las solicitudes que hubo de otros departamentos interesados en [&hellip;]<\/p>\n","protected":false},"author":4,"featured_media":63410,"comment_status":"open","ping_status":"closed","sticky":false,"template":"","format":"standard","meta":{"footnotes":""},"categories":[52],"tags":[],"class_list":{"0":"post-63409","1":"post","2":"type-post","3":"status-publish","4":"format-standard","5":"has-post-thumbnail","7":"category-alimentos-agroindustria"},"_links":{"self":[{"href":"https:\/\/jms.com.bo\/mediamonitor\/wp-json\/wp\/v2\/posts\/63409","targetHints":{"allow":["GET"]}}],"collection":[{"href":"https:\/\/jms.com.bo\/mediamonitor\/wp-json\/wp\/v2\/posts"}],"about":[{"href":"https:\/\/jms.com.bo\/mediamonitor\/wp-json\/wp\/v2\/types\/post"}],"author":[{"embeddable":true,"href":"https:\/\/jms.com.bo\/mediamonitor\/wp-json\/wp\/v2\/users\/4"}],"replies":[{"embeddable":true,"href":"https:\/\/jms.com.bo\/mediamonitor\/wp-json\/wp\/v2\/comments?post=63409"}],"version-history":[{"count":0,"href":"https:\/\/jms.com.bo\/mediamonitor\/wp-json\/wp\/v2\/posts\/63409\/revisions"}],"wp:featuredmedia":[{"embeddable":true,"href":"https:\/\/jms.com.bo\/mediamonitor\/wp-json\/wp\/v2\/media\/63410"}],"wp:attachment":[{"href":"https:\/\/jms.com.bo\/mediamonitor\/wp-json\/wp\/v2\/media?parent=63409"}],"wp:term":[{"taxonomy":"category","embeddable":true,"href":"https:\/\/jms.com.bo\/mediamonitor\/wp-json\/wp\/v2\/categories?post=63409"},{"taxonomy":"post_tag","embeddable":true,"href":"https:\/\/jms.com.bo\/mediamonitor\/wp-json\/wp\/v2\/tags?post=63409"}],"curies":[{"name":"wp","href":"https:\/\/api.w.org\/{rel}","templated":true}]}}