{"id":63411,"date":"2024-02-14T06:27:02","date_gmt":"2024-02-14T10:27:02","guid":{"rendered":"https:\/\/jms.com.bo\/mediamonitor\/2024\/02\/14\/desde-este-martes-hasta-el-jueves-estara-cortado-el-trafico-vehicular-en-el-tramo-unduavi-chulumani\/"},"modified":"2024-02-14T06:27:02","modified_gmt":"2024-02-14T10:27:02","slug":"desde-este-martes-hasta-el-jueves-estara-cortado-el-trafico-vehicular-en-el-tramo-unduavi-chulumani","status":"publish","type":"post","link":"https:\/\/jms.com.bo\/mediamonitor\/2024\/02\/14\/desde-este-martes-hasta-el-jueves-estara-cortado-el-trafico-vehicular-en-el-tramo-unduavi-chulumani\/","title":{"rendered":"Desde este martes hasta el jueves estar\u00e1 cortado el tr\u00e1fico vehicular en el tramo Unduavi &#8211; Chulumani"},"content":{"rendered":"<p style=\"text-align: justify;\">La Administradora Boliviana de Carreteras (ABC) anunci\u00f3 este lunes que, por trabajos de conservaci\u00f3n vial y reposici\u00f3n, proceder\u00e1 al corte al tr\u00e1fico vehicular en el tramo Unduavi &#8211; Chulumani, en los Yungas de La Paz, desde este martes 13 hasta el jueves 15 de febrero.<\/p>\n<p style=\"text-align: justify;\">\u201cPor trabajos de conservaci\u00f3n vial de reposici\u00f3n de plataforma en la Progresiva 9+400, sector Yerbani, Tramo LP08 Unduavi &#8211; Chulumani, se proceder\u00e1 con el corte temporal de tr\u00e1fico vehicular\u201d, se lee en un comunicado de esa instituci\u00f3n estatal.<\/p>\n<p style=\"text-align: justify;\">De acuerdo con ese reporte publicado en las redes sociales, el corte temporal al tr\u00e1fico vehicular ser\u00e1 desde este martes 13 hasta jueves 15 de febrero en los siguientes horarios: de 08:00 a 12:00 y de 14:00 a 18:00.<\/p>\n<p style=\"text-align: justify;\">\u201cPedimos a nuestros usuarios transportistas tomar previsiones necesarias, a fin de evitar perjuicios y molestias\u201d, public\u00f3 la ABC que estableci\u00f3 ese corte temporal en el marco del Plan de Lluvias.<\/p>\n<p style=\"text-align: justify;\">Seg\u00fan los datos de la entidad, el Plan de Lluvias 2023 \u2013 2024, que puso en marcha la ABC, garantiza una respuesta efectiva y oportuna a emergencias que puedan surgir en la Red Vial Fundamental (RVF) del pa\u00eds.<\/p>\n<p style=\"text-align: justify;\">Con este plan la finalidad es garantizar la transitabilidad permanente y segura en los m\u00e1s de 16.000 kil\u00f3metros en la Red Vial, ante los eventos que se vayan a suscitar durante el periodo de aguaceros, que se prev\u00e9 se extienda hasta marzo de este a\u00f1o.<\/p>\n<p style=\"text-align: justify;\">Ante cualquier emergencia en la RVF, la ABC puso a disposici\u00f3n cuatro canales de comunicaci\u00f3n: la l\u00ednea gratuita 800 10 72 22, el WhastApp 71219232, la p\u00e1gina digital abc.gob.bo y el portal web transitabilidadabc.gob.bo, las 24 horas del d\u00eda.<\/p>\n","protected":false},"excerpt":{"rendered":"<p>La Administradora Boliviana de Carreteras (ABC) anunci\u00f3 este lunes que, por trabajos de conservaci\u00f3n vial y reposici\u00f3n, proceder\u00e1 al corte al tr\u00e1fico vehicular en el tramo Unduavi &#8211; Chulumani, en los Yungas de La Paz, desde este martes 13 hasta el jueves 15 de febrero. \u201cPor trabajos de conservaci\u00f3n vial de reposici\u00f3n de plataforma en [&hellip;]<\/p>\n","protected":false},"author":4,"featured_media":63412,"comment_status":"open","ping_status":"closed","sticky":false,"template":"","format":"standard","meta":{"footnotes":""},"categories":[49],"tags":[],"class_list":{"0":"post-63411","1":"post","2":"type-post","3":"status-publish","4":"format-standard","5":"has-post-thumbnail","7":"category-social"},"_links":{"self":[{"href":"https:\/\/jms.com.bo\/mediamonitor\/wp-json\/wp\/v2\/posts\/63411","targetHints":{"allow":["GET"]}}],"collection":[{"href":"https:\/\/jms.com.bo\/mediamonitor\/wp-json\/wp\/v2\/posts"}],"about":[{"href":"https:\/\/jms.com.bo\/mediamonitor\/wp-json\/wp\/v2\/types\/post"}],"author":[{"embeddable":true,"href":"https:\/\/jms.com.bo\/mediamonitor\/wp-json\/wp\/v2\/users\/4"}],"replies":[{"embeddable":true,"href":"https:\/\/jms.com.bo\/mediamonitor\/wp-json\/wp\/v2\/comments?post=63411"}],"version-history":[{"count":0,"href":"https:\/\/jms.com.bo\/mediamonitor\/wp-json\/wp\/v2\/posts\/63411\/revisions"}],"wp:featuredmedia":[{"embeddable":true,"href":"https:\/\/jms.com.bo\/mediamonitor\/wp-json\/wp\/v2\/media\/63412"}],"wp:attachment":[{"href":"https:\/\/jms.com.bo\/mediamonitor\/wp-json\/wp\/v2\/media?parent=63411"}],"wp:term":[{"taxonomy":"category","embeddable":true,"href":"https:\/\/jms.com.bo\/mediamonitor\/wp-json\/wp\/v2\/categories?post=63411"},{"taxonomy":"post_tag","embeddable":true,"href":"https:\/\/jms.com.bo\/mediamonitor\/wp-json\/wp\/v2\/tags?post=63411"}],"curies":[{"name":"wp","href":"https:\/\/api.w.org\/{rel}","templated":true}]}}