{"id":63419,"date":"2024-02-14T06:36:50","date_gmt":"2024-02-14T10:36:50","guid":{"rendered":"https:\/\/jms.com.bo\/mediamonitor\/2024\/02\/14\/judiciales-a-una-semana-de-promulgada-la-ley-aun-no-hay-convocatoria-de-preseleccion\/"},"modified":"2024-02-14T06:36:50","modified_gmt":"2024-02-14T10:36:50","slug":"judiciales-a-una-semana-de-promulgada-la-ley-aun-no-hay-convocatoria-de-preseleccion","status":"publish","type":"post","link":"https:\/\/jms.com.bo\/mediamonitor\/2024\/02\/14\/judiciales-a-una-semana-de-promulgada-la-ley-aun-no-hay-convocatoria-de-preseleccion\/","title":{"rendered":"Judiciales: a una semana de promulgada la ley, a\u00fan no hay convocatoria de preselecci\u00f3n"},"content":{"rendered":"<p style=\"text-align: justify;\">A una semana de la promulgaci\u00f3n de la Ley 1549, Transitoria de Elecciones Judiciales, la Asamblea Legislativa a\u00fan no convoc\u00f3 a la preselecci\u00f3n de postulantes.<\/p>\n<p style=\"text-align: justify;\">El numeral 1 del par\u00e1grafo I de la norma firmada el 6 de febrero por el presidente Luis Arce establece la convocatoria p\u00fablica al proceso que se encuentra estancada debido a divergencias pol\u00edticas ajenas a la ley.<\/p>\n<p style=\"text-align: justify;\">Los bolivianos deber\u00e1n asistir a las urnas para elegir 23 magistrados de los tribunales Supremo de Justicia, Constitucional y Agroambiental, y tres miembros del Consejo de la Magistratura. La ley define 80 d\u00edas para la aprobaci\u00f3n de la lista de postulantes preseleccionados, por parte de la Asamblea Legislativa, y 150 para el proceso eleccionario, esto \u00faltimo a cargo del Tribunal Supremo Electoral (TSE).<\/p>\n<p style=\"text-align: justify;\">Estos plazos a\u00fan no corren debido a que la Comisi\u00f3n Mixta de Constituci\u00f3n de la Asamblea Legislativa no se reuni\u00f3 para la aprobaci\u00f3n de la convocatoria, aunque se prev\u00e9 que lo haga este mi\u00e9rcoles.<\/p>\n<p style=\"text-align: justify;\">Conflictos<\/p>\n<p style=\"text-align: justify;\">Un diferendo pol\u00edtico precede a ese tr\u00e1mite. La C\u00e1mara de Diputados a\u00fan no resuelve la correlaci\u00f3n de leyes que debe aprobar en sujeci\u00f3n al acuerdo bicameral y tripartidario del 2 de febrero.<\/p>\n<p style=\"text-align: justify;\">Ese d\u00eda, el vicepresidente David Choquehuanca firm\u00f3 con representantes del Movimiento Al Socialismo (MAS), Comunidad Ciudadana (CC) y Creemos un acuerdo para viabilizar las elecciones judiciales.<\/p>\n<p style=\"text-align: justify;\">El primer punto del acuerdo dispon\u00eda la aprobaci\u00f3n del proyecto de ley el 5 de febrero en la C\u00e1mara de Diputados. Al d\u00eda siguiente, su sanci\u00f3n en Senadores. El presidente Arce termin\u00f3 promulgando la ley el 6.<\/p>\n<p style=\"text-align: justify;\">El segundo punto plantea el \u201ctratamiento\u201d de los proyectos de ley 073 (sobre la suspensi\u00f3n de plazos procesales) y 075 (sobre al cese de funciones de magistrados y consejeros prorrogados) en la sesi\u00f3n siguiente a la \u201caprobaci\u00f3n\u201d de los proyectos de ley 144 y de al menos cuatro cr\u00e9ditos.<\/p>\n<p style=\"text-align: justify;\">Textual<\/p>\n<p style=\"text-align: justify;\">A la letra, el punto 2 del acuerdo se\u00f1ala: \u201cRespecto de los proyectos de Ley Nro. 073\/22-23 y 075\/22-23, los mismos ser\u00e1n tratados, por tiempo y materia, en la C\u00e1mara de Diputados, en la sesi\u00f3n siguiente a la aprobaci\u00f3n del Proyecto de Ley Nro. 144\/22-23 y de al menos 4 de los proyectos de ley indicados en el punto 3\u2033.<\/p>\n<p style=\"text-align: justify;\">El punto 3 del acuerdo especifica el tratamiento y aprobaci\u00f3n, en Diputados y Senadores, \u201centre el 5 y 9 de febrero\u201d, de los siguientes proyectos de ley de cr\u00e9ditos: 145\/ 23-24, 268\/22-23, 156\/23-24, 079\/23-24, 189\/23-24, 254\/23-24 y 255\/23-24.<\/p>\n<p style=\"text-align: justify;\">El jueves hubo un intento de consideraci\u00f3n de las divergencias. Ante los conflictos, la sesi\u00f3n ordinaria 48 fue suspendida para esta semana, cuya convocatoria a\u00fan no se conoce.<\/p>\n","protected":false},"excerpt":{"rendered":"<p>A una semana de la promulgaci\u00f3n de la Ley 1549, Transitoria de Elecciones Judiciales, la Asamblea Legislativa a\u00fan no convoc\u00f3 a la preselecci\u00f3n de postulantes. El numeral 1 del par\u00e1grafo I de la norma firmada el 6 de febrero por el presidente Luis Arce establece la convocatoria p\u00fablica al proceso que se encuentra estancada debido [&hellip;]<\/p>\n","protected":false},"author":4,"featured_media":63420,"comment_status":"open","ping_status":"closed","sticky":false,"template":"","format":"standard","meta":{"footnotes":""},"categories":[18],"tags":[],"class_list":{"0":"post-63419","1":"post","2":"type-post","3":"status-publish","4":"format-standard","5":"has-post-thumbnail","7":"category-politica"},"_links":{"self":[{"href":"https:\/\/jms.com.bo\/mediamonitor\/wp-json\/wp\/v2\/posts\/63419","targetHints":{"allow":["GET"]}}],"collection":[{"href":"https:\/\/jms.com.bo\/mediamonitor\/wp-json\/wp\/v2\/posts"}],"about":[{"href":"https:\/\/jms.com.bo\/mediamonitor\/wp-json\/wp\/v2\/types\/post"}],"author":[{"embeddable":true,"href":"https:\/\/jms.com.bo\/mediamonitor\/wp-json\/wp\/v2\/users\/4"}],"replies":[{"embeddable":true,"href":"https:\/\/jms.com.bo\/mediamonitor\/wp-json\/wp\/v2\/comments?post=63419"}],"version-history":[{"count":0,"href":"https:\/\/jms.com.bo\/mediamonitor\/wp-json\/wp\/v2\/posts\/63419\/revisions"}],"wp:featuredmedia":[{"embeddable":true,"href":"https:\/\/jms.com.bo\/mediamonitor\/wp-json\/wp\/v2\/media\/63420"}],"wp:attachment":[{"href":"https:\/\/jms.com.bo\/mediamonitor\/wp-json\/wp\/v2\/media?parent=63419"}],"wp:term":[{"taxonomy":"category","embeddable":true,"href":"https:\/\/jms.com.bo\/mediamonitor\/wp-json\/wp\/v2\/categories?post=63419"},{"taxonomy":"post_tag","embeddable":true,"href":"https:\/\/jms.com.bo\/mediamonitor\/wp-json\/wp\/v2\/tags?post=63419"}],"curies":[{"name":"wp","href":"https:\/\/api.w.org\/{rel}","templated":true}]}}