{"id":63421,"date":"2024-02-14T06:38:47","date_gmt":"2024-02-14T10:38:47","guid":{"rendered":"https:\/\/jms.com.bo\/mediamonitor\/2024\/02\/14\/creditos-internacionales-vuelve-la-pugna-entre-gobierno-y-alp\/"},"modified":"2024-02-14T06:38:47","modified_gmt":"2024-02-14T10:38:47","slug":"creditos-internacionales-vuelve-la-pugna-entre-gobierno-y-alp","status":"publish","type":"post","link":"https:\/\/jms.com.bo\/mediamonitor\/2024\/02\/14\/creditos-internacionales-vuelve-la-pugna-entre-gobierno-y-alp\/","title":{"rendered":"Cr\u00e9ditos internacionales: Vuelve la pugna entre Gobierno y ALP"},"content":{"rendered":"<p style=\"text-align: justify;\">Aunque no est\u00e1 claro cu\u00e1ndo los legisladores bolivianos dar\u00e1n por concluido el festejo de Carnaval, se prev\u00e9 que desde hoy mismo se reinstale la pol\u00e9mica que qued\u00f3 aplazada por esa causa. Con las elecciones judiciales a priori viabilizadas para dentro de 230 d\u00edas, aunque pocos crean en el cronograma, queda por resolver la otra parte del acuerdo que llev\u00f3 a esa conclusi\u00f3n: por un lado, el gobierno exige la aprobaci\u00f3n de al menos cuatro de los siete convenios internacionales de cr\u00e9dito que la Asamblea tiene trancados desde hace semanas, y por otro lado, la exigencia de cesar de forma inmediata a los Magistrados auto prorrogados para retornar al orden constitucional cuanto antes. El asunto tiene demasiados matices.<\/p>\n<p style=\"text-align: justify;\">Salir de un problema para entrar a otro<\/p>\n<p style=\"text-align: justify;\">El Tribunal Supremo Electoral (TSE) dio a conocer que perfila para septiembre la celebraci\u00f3n de las elecciones judiciales \u2013 que deb\u00edan haberse realizado en octubre de 2023 -, tomando en cuenta el plazo de 230 d\u00edas que fija la Ley 1549 para encarar el proceso de preselecci\u00f3n de candidatos en la ALP y la organizaci\u00f3n del sufragio.<\/p>\n<p style=\"text-align: justify;\">El acuerdo lleg\u00f3 tras m\u00e1s de dos semanas de bloqueos por parte del sector af\u00edn al expresidente de Bolivia, Evo Morales, quienes celebraron como \u00e9xito absoluto la convocatoria de los comicios pese a que el objetivo declarado era sacar a los auto prorrogados.<\/p>\n<p style=\"text-align: justify;\">\u201cGracias a la lucha y sacrificio de los movimientos sociales, bajo el liderazgo del movimiento ind\u00edgena y a la unidad del pueblo boliviano, se ha podido dar un paso m\u00e1s en la aprobaci\u00f3n de la convocatoria a las elecciones del \u00d3rgano Judicial, de otra manera no hubiera sido posible\u201d, publicaba Morales en la red social X tras dar por finalizado el paro.<\/p>\n<p style=\"text-align: justify;\">Sin embargo, pronto se evidenci\u00f3 que el \u00e9xito no era completo, precisamente porque el calendario es largo y los mismos Magistrados auto prorrogados pueden volver a boicotear el proceso, como ya lo hicieron en 2023.<\/p>\n<p style=\"text-align: justify;\">El cese de los Magistrados est\u00e1 vinculado a la aprobaci\u00f3n de los convenios internacionales que garantizar\u00edan un ingreso de divisas y que es vital para el gobierno de Arce, acorralado por la escasez del d\u00f3lar aunque en la ret\u00f3rica pol\u00edtica vinculen esta exigencia a los supuestos da\u00f1os generados por las dos semanas de bloqueo.<\/p>\n<p style=\"text-align: justify;\">\u201cIncumplimiento de acuerdo\u201d<\/p>\n<p style=\"text-align: justify;\">En criterio del mandatario Arce, la derecha tradicional y la \u201cnueva derecha\u201d, en referencia a Evo Morales, han \u201cpisoteado el acuerdo\u201d, impidiendo as\u00ed que traten los cr\u00e9ditos internacionales que requiere la econom\u00eda nacional.<\/p>\n<p style=\"text-align: justify;\">\u201cHermanas y hermanos, nos damos cuenta de que a la derecha tradicional y la nueva derecha que opera en la Asamblea Legislativa no le interesa el pueblo boliviano, le interesa sus intereses pol\u00edticos. Quieren priorizar, pisoteando un acuerdo, los temas pol\u00edticos y no tratar leyes que viabilizan cr\u00e9ditos para hacer obras para el pueblo boliviano\u201d, reproch\u00f3 el mandatario durante un acto en Chuquisaca.<\/p>\n<p style=\"text-align: justify;\">En la sesi\u00f3n del jueves de la pasada semana, los diputados no lograron un acuerdo, toda vez que los \u201carcistas\u201d insist\u00edan en aprobar primero los cr\u00e9ditos, mientras que los \u201cevistas\u201d y opositores exig\u00edan que antes se traten las leyes antipr\u00f3rroga en lo que fue un claro ejemplo de desconfianza pol\u00edtica sobre la palabra dada en cualquier caso fundada: El procurador General lleg\u00f3 a se\u00f1alar que la Ley antipr\u00f3rroga ser\u00eda declarada inconstitucional por el mismo Tribunal Constitucional afectado por la misma.<\/p>\n<p style=\"text-align: justify;\">El mandatario se\u00f1al\u00f3 que \u201cse debe compensar todo el da\u00f1o econ\u00f3mico que se ha hecho durante los d\u00edas de bloqueo. Asever\u00f3 que el pueblo pide inversi\u00f3n, reactivaci\u00f3n econ\u00f3mica y fuentes de empleo, mientras que los asamble\u00edstas s\u00f3lo ven sus intereses pol\u00edticos\u201d.<\/p>\n<p style=\"text-align: justify;\">La legislaci\u00f3n nacional se\u00f1ala que los cr\u00e9ditos internacionales que se asuman deben ser aprobados por la Asamblea Plurinacional, donde Arce no logra tener mayor\u00eda suficiente pese a haber cooptado a varios diputados opositores. Los cr\u00e9ditos con intereses blandos son vinculados a proyectos espec\u00edficos a ejecutar en el pa\u00eds, por lo que los libramientos se hacen en d\u00f3lares y los desembolsos en bolivianos, contribuyendo as\u00ed a sumar divisas en el Banco Central de Bolivia.<\/p>\n<p style=\"text-align: justify;\">La respuesta<\/p>\n<p style=\"text-align: justify;\">Por su parte, senadora de Comunidad Ciudadana (CC) Andrea Barrientos asegur\u00f3 que no se aprobar\u00e1 ning\u00fan cr\u00e9dito del Gobierno en la ALP mientras no se viabilice la salida de los magistrados \u201cautoprorrogados\u201d.<\/p>\n<p style=\"text-align: justify;\">\u201cSi ellos (los arcistas del Movimiento Al Socialismo) no cumplen su parte del trato, que es aprobar (los proyectos de ley) 073 y 075, aqu\u00ed no hay ning\u00fan cr\u00e9dito que se apruebe\u201d, mencion\u00f3.<\/p>\n<p style=\"text-align: justify;\">Por otro lado, otras opositoras reconocidas como Silvia Salame han mostrado otro punto de vista al considerar que la aprobaci\u00f3n de los cr\u00e9ditos es algo necesario para la econom\u00eda nacional que no debe ser vinculado a asuntos pol\u00edticos.<\/p>\n<p style=\"text-align: justify;\">BCB espera la aprobaci\u00f3n de cr\u00e9ditos en la ALP<\/p>\n<p style=\"text-align: justify;\">El Banco Central de Bolivia (BCB) espera la aprobaci\u00f3n de cr\u00e9ditos externos por cerca de $us 800 millones pendientes de tratamiento en la Asamblea Legislativa Plurinacional (ALP) ya que los mismos, aunque sean para ejecutar en proyectos finalistas, los pagos se realizan en bolivianos y permite aligerar la carga por la falta de divisas.<\/p>\n<p style=\"text-align: justify;\">La semana pasada la consultora Fitch rebaj\u00f3 a CCC la calificaci\u00f3n de Bolivia como emisor de deuda a largo plazo, por lo que la emisi\u00f3n de d\u00f3lares saldr\u00e1 cada vez m\u00e1s cara.<\/p>\n<p style=\"text-align: justify;\">\u201c(\u2026) se estima que puedan aprobarse cerca de 800 millones (de d\u00f3lares) en material de financiamiento externo\u201d, dijo el presidente del BCB, Edwin Rojas.<\/p>\n","protected":false},"excerpt":{"rendered":"<p>Aunque no est\u00e1 claro cu\u00e1ndo los legisladores bolivianos dar\u00e1n por concluido el festejo de Carnaval, se prev\u00e9 que desde hoy mismo se reinstale la pol\u00e9mica que qued\u00f3 aplazada por esa causa. Con las elecciones judiciales a priori viabilizadas para dentro de 230 d\u00edas, aunque pocos crean en el cronograma, queda por resolver la otra parte [&hellip;]<\/p>\n","protected":false},"author":4,"featured_media":63422,"comment_status":"open","ping_status":"closed","sticky":false,"template":"","format":"standard","meta":{"footnotes":""},"categories":[18],"tags":[],"class_list":{"0":"post-63421","1":"post","2":"type-post","3":"status-publish","4":"format-standard","5":"has-post-thumbnail","7":"category-politica"},"_links":{"self":[{"href":"https:\/\/jms.com.bo\/mediamonitor\/wp-json\/wp\/v2\/posts\/63421","targetHints":{"allow":["GET"]}}],"collection":[{"href":"https:\/\/jms.com.bo\/mediamonitor\/wp-json\/wp\/v2\/posts"}],"about":[{"href":"https:\/\/jms.com.bo\/mediamonitor\/wp-json\/wp\/v2\/types\/post"}],"author":[{"embeddable":true,"href":"https:\/\/jms.com.bo\/mediamonitor\/wp-json\/wp\/v2\/users\/4"}],"replies":[{"embeddable":true,"href":"https:\/\/jms.com.bo\/mediamonitor\/wp-json\/wp\/v2\/comments?post=63421"}],"version-history":[{"count":0,"href":"https:\/\/jms.com.bo\/mediamonitor\/wp-json\/wp\/v2\/posts\/63421\/revisions"}],"wp:featuredmedia":[{"embeddable":true,"href":"https:\/\/jms.com.bo\/mediamonitor\/wp-json\/wp\/v2\/media\/63422"}],"wp:attachment":[{"href":"https:\/\/jms.com.bo\/mediamonitor\/wp-json\/wp\/v2\/media?parent=63421"}],"wp:term":[{"taxonomy":"category","embeddable":true,"href":"https:\/\/jms.com.bo\/mediamonitor\/wp-json\/wp\/v2\/categories?post=63421"},{"taxonomy":"post_tag","embeddable":true,"href":"https:\/\/jms.com.bo\/mediamonitor\/wp-json\/wp\/v2\/tags?post=63421"}],"curies":[{"name":"wp","href":"https:\/\/api.w.org\/{rel}","templated":true}]}}