{"id":63423,"date":"2024-02-14T06:40:24","date_gmt":"2024-02-14T10:40:24","guid":{"rendered":"https:\/\/jms.com.bo\/mediamonitor\/2024\/02\/14\/en-la-challa-arce-pide-unidad-ante-intereses-personales-y-evo-que-no-se-persiga-dirigentes\/"},"modified":"2024-02-14T06:40:24","modified_gmt":"2024-02-14T10:40:24","slug":"en-la-challa-arce-pide-unidad-ante-intereses-personales-y-evo-que-no-se-persiga-dirigentes","status":"publish","type":"post","link":"https:\/\/jms.com.bo\/mediamonitor\/2024\/02\/14\/en-la-challa-arce-pide-unidad-ante-intereses-personales-y-evo-que-no-se-persiga-dirigentes\/","title":{"rendered":"En la ch\u2019alla, Arce pide unidad ante intereses personales y Evo, que \u2018no se persiga dirigentes\u2019"},"content":{"rendered":"<p style=\"text-align: justify;\">El intercambio de criterios entre el presidente Luis Arce y el exmandatario Evo Morales no da tregua ni en Martes de Ch\u2019alla. El primero pidi\u00f3 la unidad del pueblo boliviano por encima de intereses personales y el segundo, que se \u201cdeje de perseguir a dirigentes\u201d.<\/p>\n<p style=\"text-align: justify;\">\u201cCelebramos el tradicional Martes de Ch\u2019alla con mucha fe y esperanza, agradeciendo las bendiciones de nuestra Madre Tierra y seguros de que la unidad se antepondr\u00e1 a cualquier inter\u00e9s personal o de grupo y de que vienen tiempos de mucha prosperidad para el pueblo boliviano. \u00a1Que vivan nuestras tradiciones!\u201d, escribi\u00f3 este martes el mandatario en su cuenta de X.<\/p>\n<p style=\"text-align: justify;\">Esa publicaci\u00f3n no es casual. Ocurre en medio de un conflicto evidente entre el exmandatario y su otrora elogiado ministro de Econom\u00eda. Arce, aunque no directamente, reproch\u00f3 que los intereses \u201cpersonales\u201d y \u201celectorales de algunas personas busquen desestabilizar la econom\u00eda nacional y su gesti\u00f3n de gobierno.<\/p>\n<p style=\"text-align: justify;\">Por otra parte, Morales acus\u00f3 de manera directa a Arce de implementar un supuesto intento de \u201cproscribir a Evo y al MAS\u201d. Incluso, lo calific\u00f3 de \u201ctraidor\u201d y \u201cderechizador\u201d de su partido y del denominado proceso de cambio.<\/p>\n<p style=\"text-align: justify;\">\u201cCh\u2019allamos para que nuestra amada Bolivia crezca, que se recupere la institucionalidad de nuestros poderes de Estado, que haya libertad de expresi\u00f3n, que no se persiga a nuestros dirigentes que luchan todos los d\u00edas por preservar y defender la democracia\u201d, public\u00f3 Morales en su cuenta de X la ma\u00f1ana de este martes.<\/p>\n<p style=\"text-align: justify;\">Arce y Morales<\/p>\n<p style=\"text-align: justify;\">El quiebre pol\u00edtico entre ambos l\u00edderes no solo fractur\u00f3 la militancia entre evistas y arcistas, sino que alcanz\u00f3 a su estructura social y legislativa.<\/p>\n<p style=\"text-align: justify;\">Muestra de ello es la discusi\u00f3n vigente en la C\u00e1mara de Diputados, que estanc\u00f3 el debate de la pr\u00f3rroga de los magistrados y consejeros electos en 2017 y cuyo mandato constitucional se cumpli\u00f3 el 31 de diciembre de 2023, y la aprobaci\u00f3n de siete cr\u00e9ditos para el financiamiento de obras en varias regiones.<\/p>\n<p style=\"text-align: justify;\">Ambos grupos se acusan de \u201ctraidores\u201d y de \u201cpactar con la derecha\u201d, aunque, en los hechos, hubo un acuerdo firmado entre los jefes de bancada del MAS y las opositoras Comunidad Ciudadana (CC) y Creemos, el 2 de febrero.<\/p>\n<p style=\"text-align: justify;\">El acuerdo permiti\u00f3 la aprobaci\u00f3n, sanci\u00f3n y promulgaci\u00f3n de la Ley de Elecciones Judiciales. Pero, adem\u00e1s, se estableci\u00f3 abordar el debate sobre la pr\u00f3rroga, previa aprobaci\u00f3n de al menos cuatro cr\u00e9ditos.<\/p>\n<p style=\"text-align: justify;\">Ahora el problema radica en el orden del debate. Los diputados evistas y opositores exigen primero discutir los proyectos de ley 073 y 075, para definir la situaci\u00f3n de las autoridades judiciales. Sin embargo, el bloque arcista exige el cumplimiento del acuerdo de bicameral y tripartidario.<\/p>\n","protected":false},"excerpt":{"rendered":"<p>El intercambio de criterios entre el presidente Luis Arce y el exmandatario Evo Morales no da tregua ni en Martes de Ch\u2019alla. El primero pidi\u00f3 la unidad del pueblo boliviano por encima de intereses personales y el segundo, que se \u201cdeje de perseguir a dirigentes\u201d. \u201cCelebramos el tradicional Martes de Ch\u2019alla con mucha fe y [&hellip;]<\/p>\n","protected":false},"author":4,"featured_media":63424,"comment_status":"open","ping_status":"closed","sticky":false,"template":"","format":"standard","meta":{"footnotes":""},"categories":[18,48,46],"tags":[],"class_list":{"0":"post-63423","1":"post","2":"type-post","3":"status-publish","4":"format-standard","5":"has-post-thumbnail","7":"category-politica","8":"category-portada-general-sitio","9":"category-portada-politica"},"_links":{"self":[{"href":"https:\/\/jms.com.bo\/mediamonitor\/wp-json\/wp\/v2\/posts\/63423","targetHints":{"allow":["GET"]}}],"collection":[{"href":"https:\/\/jms.com.bo\/mediamonitor\/wp-json\/wp\/v2\/posts"}],"about":[{"href":"https:\/\/jms.com.bo\/mediamonitor\/wp-json\/wp\/v2\/types\/post"}],"author":[{"embeddable":true,"href":"https:\/\/jms.com.bo\/mediamonitor\/wp-json\/wp\/v2\/users\/4"}],"replies":[{"embeddable":true,"href":"https:\/\/jms.com.bo\/mediamonitor\/wp-json\/wp\/v2\/comments?post=63423"}],"version-history":[{"count":0,"href":"https:\/\/jms.com.bo\/mediamonitor\/wp-json\/wp\/v2\/posts\/63423\/revisions"}],"wp:featuredmedia":[{"embeddable":true,"href":"https:\/\/jms.com.bo\/mediamonitor\/wp-json\/wp\/v2\/media\/63424"}],"wp:attachment":[{"href":"https:\/\/jms.com.bo\/mediamonitor\/wp-json\/wp\/v2\/media?parent=63423"}],"wp:term":[{"taxonomy":"category","embeddable":true,"href":"https:\/\/jms.com.bo\/mediamonitor\/wp-json\/wp\/v2\/categories?post=63423"},{"taxonomy":"post_tag","embeddable":true,"href":"https:\/\/jms.com.bo\/mediamonitor\/wp-json\/wp\/v2\/tags?post=63423"}],"curies":[{"name":"wp","href":"https:\/\/api.w.org\/{rel}","templated":true}]}}