{"id":63447,"date":"2024-02-15T06:59:57","date_gmt":"2024-02-15T10:59:57","guid":{"rendered":"https:\/\/jms.com.bo\/mediamonitor\/2024\/02\/15\/amparo-carvajal-nuevamente-en-vigila-por-instalaciones-de-la-asamblea-de-derechos-humanos-de-bolivia\/"},"modified":"2024-02-15T06:59:57","modified_gmt":"2024-02-15T10:59:57","slug":"amparo-carvajal-nuevamente-en-vigila-por-instalaciones-de-la-asamblea-de-derechos-humanos-de-bolivia","status":"publish","type":"post","link":"https:\/\/jms.com.bo\/mediamonitor\/2024\/02\/15\/amparo-carvajal-nuevamente-en-vigila-por-instalaciones-de-la-asamblea-de-derechos-humanos-de-bolivia\/","title":{"rendered":"Amparo Carvajal, nuevamente en vigila por instalaciones de la Asamblea de Derechos Humanos de Bolivia"},"content":{"rendered":"<p style=\"text-align: justify;\">Amparo Carvajal, presidenta de la Asamblea Permanente de Derechos Humanos de Bolivia (APDHB), fue despojada, otra vez, de las instalaciones. Debido a ello, retom\u00f3 la vigilia en plena calle.<\/p>\n<p style=\"text-align: justify;\">\u00abEsa casa no es de Amparo, tiene su historia. Fue donada en 1992 por el (ex) presidente Tuto Quiroga, quien en ese entonces el presidente (de la APDHB) era \u00c9dgar Salazar. Pero yo le gan\u00e9 en el congreso del 18\u00bb, explic\u00f3 Carvajal desde las afueras de la APDHB.<\/p>\n<p style=\"text-align: justify;\">El 2023, Carvajal fue desalojada de su oficina en el centro de La Paz por el tambi\u00e9n dirigente \u00c9dgar Salazar, quien a\u00fan se atribuye la representaci\u00f3n legal de la instituci\u00f3n. La anciana instal\u00f3 una vigilia en la calle, que dur\u00f3 52 d\u00edas.<\/p>\n<p style=\"text-align: justify;\">Carvajal dorm\u00eda al aire libre bajo temperaturas invernales que deterioraron su salud. \u201cDe aqu\u00ed me van a sacar en caj\u00f3n\u201d, advirti\u00f3 en aquel entonces.<\/p>\n<p style=\"text-align: justify;\">La medida de presi\u00f3n, concluy\u00f3 despu\u00e9s de que una madrugada regres\u00f3 a su casa acompa\u00f1ada por el c\u00f3nsul espa\u00f1ol Guillermo Gil, con quien logr\u00f3 un acuerdo para hacer las gestiones necesarias para recuperar el predio.<\/p>\n<p style=\"text-align: justify;\">Los grupos que respaldan a Carvajal aseguraron que Salazar defiende los intereses del Gobierno y de los grupos oficialistas. Los detractores de Carvajal la acusan de ser \u00fatil a la derecha y de defender a los llamados \u201cperseguidos pol\u00edticos\u201d.<\/p>\n<p style=\"text-align: justify;\">Su delicado estado de salud no impide estar firme en demandar lo justo, aunque le pone mal la indiferencia de la gente.<\/p>\n<p style=\"text-align: justify;\">\n","protected":false},"excerpt":{"rendered":"<p>Amparo Carvajal, presidenta de la Asamblea Permanente de Derechos Humanos de Bolivia (APDHB), fue despojada, otra vez, de las instalaciones. Debido a ello, retom\u00f3 la vigilia en plena calle. \u00abEsa casa no es de Amparo, tiene su historia. Fue donada en 1992 por el (ex) presidente Tuto Quiroga, quien en ese entonces el presidente (de [&hellip;]<\/p>\n","protected":false},"author":4,"featured_media":63448,"comment_status":"open","ping_status":"closed","sticky":false,"template":"","format":"standard","meta":{"footnotes":""},"categories":[49],"tags":[],"class_list":{"0":"post-63447","1":"post","2":"type-post","3":"status-publish","4":"format-standard","5":"has-post-thumbnail","7":"category-social"},"_links":{"self":[{"href":"https:\/\/jms.com.bo\/mediamonitor\/wp-json\/wp\/v2\/posts\/63447","targetHints":{"allow":["GET"]}}],"collection":[{"href":"https:\/\/jms.com.bo\/mediamonitor\/wp-json\/wp\/v2\/posts"}],"about":[{"href":"https:\/\/jms.com.bo\/mediamonitor\/wp-json\/wp\/v2\/types\/post"}],"author":[{"embeddable":true,"href":"https:\/\/jms.com.bo\/mediamonitor\/wp-json\/wp\/v2\/users\/4"}],"replies":[{"embeddable":true,"href":"https:\/\/jms.com.bo\/mediamonitor\/wp-json\/wp\/v2\/comments?post=63447"}],"version-history":[{"count":0,"href":"https:\/\/jms.com.bo\/mediamonitor\/wp-json\/wp\/v2\/posts\/63447\/revisions"}],"wp:featuredmedia":[{"embeddable":true,"href":"https:\/\/jms.com.bo\/mediamonitor\/wp-json\/wp\/v2\/media\/63448"}],"wp:attachment":[{"href":"https:\/\/jms.com.bo\/mediamonitor\/wp-json\/wp\/v2\/media?parent=63447"}],"wp:term":[{"taxonomy":"category","embeddable":true,"href":"https:\/\/jms.com.bo\/mediamonitor\/wp-json\/wp\/v2\/categories?post=63447"},{"taxonomy":"post_tag","embeddable":true,"href":"https:\/\/jms.com.bo\/mediamonitor\/wp-json\/wp\/v2\/tags?post=63447"}],"curies":[{"name":"wp","href":"https:\/\/api.w.org\/{rel}","templated":true}]}}