{"id":63449,"date":"2024-02-15T07:02:33","date_gmt":"2024-02-15T11:02:33","guid":{"rendered":"https:\/\/jms.com.bo\/mediamonitor\/2024\/02\/15\/transportistas-de-rurre-y-san-buenaventura-bloquean-rutas-a-la-paz-y-trinidad-por-falta-de-combustible\/"},"modified":"2024-02-15T07:02:33","modified_gmt":"2024-02-15T11:02:33","slug":"transportistas-de-rurre-y-san-buenaventura-bloquean-rutas-a-la-paz-y-trinidad-por-falta-de-combustible","status":"publish","type":"post","link":"https:\/\/jms.com.bo\/mediamonitor\/2024\/02\/15\/transportistas-de-rurre-y-san-buenaventura-bloquean-rutas-a-la-paz-y-trinidad-por-falta-de-combustible\/","title":{"rendered":"Transportistas de \u2018Rurre\u2019 y San Buenaventura bloquean rutas a La Paz y Trinidad por falta de combustible"},"content":{"rendered":"<p style=\"text-align: justify;\">Los transportistas de Rurrenabaque, en Beni, y San Buenaventura, en La Paz, activaron este mi\u00e9rcoles un bloqueo de caminos reclamando por la escasez de combustible. Las rutas hacia la sede de gobierno y hacia Trinidad est\u00e1n cortadas desde la madrugada.<\/p>\n<p style=\"text-align: justify;\">La tarde de este mi\u00e9rcoles personeros de la Agencia Nacional de Hidrocarburos (ANH) y Yacimientos Petrol\u00edferos Fiscales Bolivianos (YPFB) acudieron a una reuni\u00f3n con autoridades y la poblaci\u00f3n, sin embargo, no se alcanz\u00f3 ning\u00fan acuerdo. Los transportistas anunciaron que masificar\u00e1n la medida y exigen la presencia del ministro de Hidrocarburos, Franklin Molina.<\/p>\n<p style=\"text-align: justify;\">Participaron de la reuni\u00f3n el alcalde de Rurrenabaque, El\u00edas Moreno; el gerente regional de la ANH Beni, Orlando Laura; la representante de YPFB, Romina Rojas, y organizaciones sociales.<\/p>\n<p style=\"text-align: justify;\">Moreno advirti\u00f3 que la medida se masificar\u00e1 desde este jueves y exigen que se autorice la venta libre de combustible a todos los veh\u00edculos. Indic\u00f3 que en la regi\u00f3n hay una estaci\u00f3n de servicio de YPFB y una privada, que venden combustible solo a algunos coches.<\/p>\n<p style=\"text-align: justify;\">\u201cNo tenemos conclusiones porque las autoridades nacionales no quieren entender la gravedad del problema que tenemos en Rurrenabaque con la escasez de combustible. El pueblo est\u00e1 pidiendo que se autorice la venta libre en el surtidor de YPFB porque en otro lado venden libre a toda clase de movilidades y aqu\u00ed no autorizan\u201d, dijo.<\/p>\n<p style=\"text-align: justify;\">Combustible<\/p>\n<p style=\"text-align: justify;\">Las rutas bloqueadas son Rurrenabaque-Riberalta, Rurrenabaque-La Paz, Rurrenabaque-Trinidad y San Buenaventura-Ixiamas.<\/p>\n<p style=\"text-align: justify;\">\u201cVamos a retener al responsable de YPFB para que las autoridades vengan, es primordial el uso del combustible. Todo el d\u00eda estamos en reuni\u00f3n y no hay nada claro. Vamos a seguir en el bloqueo, es una necesidad del pueblo, hay que ponerle una soluci\u00f3n definitiva para Rurrenabaque y San Buenaventura\u201d, acot\u00f3 Moreno.<\/p>\n<p style=\"text-align: justify;\">Al respecto, la representante de YPFB asegur\u00f3 que el despacho de combustible a esa regi\u00f3n del pa\u00eds es normal, m\u00e1s de 10.000 litros diarios, empero, existe sobredemanda.<\/p>\n<p style=\"text-align: justify;\">\u201cNo vemos ning\u00fan tipo de aceptaci\u00f3n pese a que informamos y demostramos las \u00f3rdenes de despacho y lo que fue recepcionado. El producto est\u00e1 llegando con normalidad, pero hay sobredemanda, hay que encontrar el origen de este incremento. El 2 de febrero enviamos un cisterna con 24.000 litros de combustible y en menos de 24 horas se termin\u00f3, y eso es lamentable\u201d.<\/p>\n<p style=\"text-align: justify;\">Cuestion\u00f3 que no se cuide el carburante y apunt\u00f3 a personas que se dedican a la compra ilegal para revender el combustible a precios m\u00e1s elevados. Asimismo, dijo que hay cisternas con combustible parados en los puntos de bloqueo, por lo que exhort\u00f3 a levantar la medida.<\/p>\n<p style=\"text-align: justify;\">Autoridades de la ANH y de YPFB anunciaron esta semana que la distribuci\u00f3n de combustibles l\u00edquidos para el pa\u00eds se normaliz\u00f3 y que se incrementaron los vol\u00famenes de abastecimiento; sin embargo, en ciudades intermedias y el \u00e1rea rural a\u00fan se registran filas y reclamos por la falta de carburantes.<\/p>\n","protected":false},"excerpt":{"rendered":"<p>Los transportistas de Rurrenabaque, en Beni, y San Buenaventura, en La Paz, activaron este mi\u00e9rcoles un bloqueo de caminos reclamando por la escasez de combustible. Las rutas hacia la sede de gobierno y hacia Trinidad est\u00e1n cortadas desde la madrugada. La tarde de este mi\u00e9rcoles personeros de la Agencia Nacional de Hidrocarburos (ANH) y Yacimientos [&hellip;]<\/p>\n","protected":false},"author":4,"featured_media":63450,"comment_status":"open","ping_status":"closed","sticky":false,"template":"","format":"standard","meta":{"footnotes":""},"categories":[49],"tags":[],"class_list":{"0":"post-63449","1":"post","2":"type-post","3":"status-publish","4":"format-standard","5":"has-post-thumbnail","7":"category-social"},"_links":{"self":[{"href":"https:\/\/jms.com.bo\/mediamonitor\/wp-json\/wp\/v2\/posts\/63449","targetHints":{"allow":["GET"]}}],"collection":[{"href":"https:\/\/jms.com.bo\/mediamonitor\/wp-json\/wp\/v2\/posts"}],"about":[{"href":"https:\/\/jms.com.bo\/mediamonitor\/wp-json\/wp\/v2\/types\/post"}],"author":[{"embeddable":true,"href":"https:\/\/jms.com.bo\/mediamonitor\/wp-json\/wp\/v2\/users\/4"}],"replies":[{"embeddable":true,"href":"https:\/\/jms.com.bo\/mediamonitor\/wp-json\/wp\/v2\/comments?post=63449"}],"version-history":[{"count":0,"href":"https:\/\/jms.com.bo\/mediamonitor\/wp-json\/wp\/v2\/posts\/63449\/revisions"}],"wp:featuredmedia":[{"embeddable":true,"href":"https:\/\/jms.com.bo\/mediamonitor\/wp-json\/wp\/v2\/media\/63450"}],"wp:attachment":[{"href":"https:\/\/jms.com.bo\/mediamonitor\/wp-json\/wp\/v2\/media?parent=63449"}],"wp:term":[{"taxonomy":"category","embeddable":true,"href":"https:\/\/jms.com.bo\/mediamonitor\/wp-json\/wp\/v2\/categories?post=63449"},{"taxonomy":"post_tag","embeddable":true,"href":"https:\/\/jms.com.bo\/mediamonitor\/wp-json\/wp\/v2\/tags?post=63449"}],"curies":[{"name":"wp","href":"https:\/\/api.w.org\/{rel}","templated":true}]}}