{"id":63453,"date":"2024-02-15T07:05:31","date_gmt":"2024-02-15T11:05:31","guid":{"rendered":"https:\/\/jms.com.bo\/mediamonitor\/2024\/02\/15\/militares-del-ceo-se-incautan-de-cinco-vehiculos-indocumentados-e-incineran-otros-cuatro\/"},"modified":"2024-02-15T07:05:31","modified_gmt":"2024-02-15T11:05:31","slug":"militares-del-ceo-se-incautan-de-cinco-vehiculos-indocumentados-e-incineran-otros-cuatro","status":"publish","type":"post","link":"https:\/\/jms.com.bo\/mediamonitor\/2024\/02\/15\/militares-del-ceo-se-incautan-de-cinco-vehiculos-indocumentados-e-incineran-otros-cuatro\/","title":{"rendered":"Militares del CEO se incautan de cinco veh\u00edculos indocumentados e incineran otros cuatro"},"content":{"rendered":"<p style=\"text-align: justify;\">Durante el Carnaval, efectivos militares del Comando Estrat\u00e9gico Operacional de Lucha contra el Contrabando (CEO) se incautaron de cinco veh\u00edculos indocumentados, incineraron otros cuatro; y decomisaron dos camiones con gran cantidad de yutes con cebolla de contrabando.<\/p>\n<p style=\"text-align: justify;\">Seg\u00fan un informe oficial, los cinco veh\u00edculos indocumentados fueron decomisados en las regiones del camino a Llica, Turco-Huachacalla y Bella Vista, en Oruro; adem\u00e1s en la carretera Viacha-El Alto y en el sector de Tambo Quemado-Patacamaya, en La Paz. \u00c9stos \u00faltimos dos llevaban mercader\u00eda ilegal; que no contaba con la documentaci\u00f3n respectiva para su ingreso al pa\u00eds.<\/p>\n<p style=\"text-align: justify;\">Asimismo, en el sector denominado \u201cLa Ratonera\u201d y en el cerro de Coipasa, en Oruro, los militares hallaron cuatro veh\u00edculos indocumentados que fueron abandonados, por lo que procedieron a inhabilitarlos e incinerarlos.<\/p>\n<p style=\"text-align: justify;\">Respecto al decomiso de los camiones con cebolla, el informe indica que ocurri\u00f3 en el sector cruce Corpa, en el altiplano de La Paz. Se intercept\u00f3 un cami\u00f3n volvo azul y uno color blanco; que llevaban gran cantidad del producto que ingres\u00f3 de contrabando.<\/p>\n<p style=\"text-align: justify;\">La mercanc\u00eda fue trasladada al recinto aduanero de la ciudad de El Alto en cumplimiento a la normativa.<\/p>\n<p style=\"text-align: justify;\">Los militares del CEO coadyuvan con la Aduana Nacional para la lucha contra el contrabando de combustibles, veh\u00edculos y combustibles.<\/p>\n","protected":false},"excerpt":{"rendered":"<p>Durante el Carnaval, efectivos militares del Comando Estrat\u00e9gico Operacional de Lucha contra el Contrabando (CEO) se incautaron de cinco veh\u00edculos indocumentados, incineraron otros cuatro; y decomisaron dos camiones con gran cantidad de yutes con cebolla de contrabando. Seg\u00fan un informe oficial, los cinco veh\u00edculos indocumentados fueron decomisados en las regiones del camino a Llica, Turco-Huachacalla [&hellip;]<\/p>\n","protected":false},"author":4,"featured_media":63454,"comment_status":"open","ping_status":"closed","sticky":false,"template":"","format":"standard","meta":{"footnotes":""},"categories":[20],"tags":[],"class_list":{"0":"post-63453","1":"post","2":"type-post","3":"status-publish","4":"format-standard","5":"has-post-thumbnail","7":"category-actualidad"},"_links":{"self":[{"href":"https:\/\/jms.com.bo\/mediamonitor\/wp-json\/wp\/v2\/posts\/63453","targetHints":{"allow":["GET"]}}],"collection":[{"href":"https:\/\/jms.com.bo\/mediamonitor\/wp-json\/wp\/v2\/posts"}],"about":[{"href":"https:\/\/jms.com.bo\/mediamonitor\/wp-json\/wp\/v2\/types\/post"}],"author":[{"embeddable":true,"href":"https:\/\/jms.com.bo\/mediamonitor\/wp-json\/wp\/v2\/users\/4"}],"replies":[{"embeddable":true,"href":"https:\/\/jms.com.bo\/mediamonitor\/wp-json\/wp\/v2\/comments?post=63453"}],"version-history":[{"count":0,"href":"https:\/\/jms.com.bo\/mediamonitor\/wp-json\/wp\/v2\/posts\/63453\/revisions"}],"wp:featuredmedia":[{"embeddable":true,"href":"https:\/\/jms.com.bo\/mediamonitor\/wp-json\/wp\/v2\/media\/63454"}],"wp:attachment":[{"href":"https:\/\/jms.com.bo\/mediamonitor\/wp-json\/wp\/v2\/media?parent=63453"}],"wp:term":[{"taxonomy":"category","embeddable":true,"href":"https:\/\/jms.com.bo\/mediamonitor\/wp-json\/wp\/v2\/categories?post=63453"},{"taxonomy":"post_tag","embeddable":true,"href":"https:\/\/jms.com.bo\/mediamonitor\/wp-json\/wp\/v2\/tags?post=63453"}],"curies":[{"name":"wp","href":"https:\/\/api.w.org\/{rel}","templated":true}]}}