{"id":63455,"date":"2024-02-15T07:07:36","date_gmt":"2024-02-15T11:07:36","guid":{"rendered":"https:\/\/jms.com.bo\/mediamonitor\/2024\/02\/15\/segundo-incidente-en-cuatro-dias-usuarios-de-boa-protestan-por-nuevos-retrasos-de-vuelos-en-alcantari\/"},"modified":"2024-02-15T07:07:36","modified_gmt":"2024-02-15T11:07:36","slug":"segundo-incidente-en-cuatro-dias-usuarios-de-boa-protestan-por-nuevos-retrasos-de-vuelos-en-alcantari","status":"publish","type":"post","link":"https:\/\/jms.com.bo\/mediamonitor\/2024\/02\/15\/segundo-incidente-en-cuatro-dias-usuarios-de-boa-protestan-por-nuevos-retrasos-de-vuelos-en-alcantari\/","title":{"rendered":"Segundo incidente en cuatro d\u00edas: Usuarios de BoA protestan por nuevos retrasos de vuelos en Alcantar\u00ed"},"content":{"rendered":"<p style=\"text-align: justify;\">Usuarios de Boliviana de Aviaci\u00f3n (BoA) denunciaron este martes la reprogramaci\u00f3n de sus vuelos por falta de operatividad del aeropuerto de Alcantar\u00ed. Se trata del segundo incidente de este tipo en cuatro d\u00edas.<\/p>\n<p style=\"text-align: justify;\">Al igual que en la ma\u00f1ana del s\u00e1bado de Carnaval, este Martes de Ch\u2019alla hubo decenas de pasajeros perjudicados, entre ellos varios ni\u00f1os, por la suspensi\u00f3n de vuelos que BoA atribuye al mal tiempo reinante en la zona de Alcantar\u00ed, donde se encuentra el aeropuerto de Sucre.<\/p>\n<p style=\"text-align: justify;\">TESTIMONIOS<\/p>\n<p style=\"text-align: justify;\">La usuaria Luc\u00eda Fern\u00e1ndez Daza reclam\u00f3 porque el vuelo a Santa Cruz, que deb\u00eda partir de Sucre a las 9:55 de este martes, fue reprogramado para las 20:55, pero \u201cnadie me asegura que el vuelo saldr\u00e1 a esa hora, ma\u00f1ana viajo a las 3 AM a Colombia por motivo de los 15 a\u00f1os de mi hija\u201d.<\/p>\n<p style=\"text-align: justify;\">Una segunda mujer se comunic\u00f3 con CORREO DEL SUR para compartir su testimonio y preocupaci\u00f3n por la suspensi\u00f3n de su vuelo desde Alcantar\u00ed.<\/p>\n<p style=\"text-align: justify;\">\u201cTen\u00edamos un vuelo esta ma\u00f1ana, yo estoy con dos infantes y no me dan soluci\u00f3n m\u00e1s que para la noche. Ya no puedo salirme del aeropuerto y volver, mi hijito est\u00e1 mal del est\u00f3mago, ten\u00edamos cita de emergencia en Santa Cruz con su pediatra\u201d, dijo ella con aflicci\u00f3n.<\/p>\n<p style=\"text-align: justify;\">LA VERSI\u00d3N DE BOA<\/p>\n<p style=\"text-align: justify;\">Consultada por este peri\u00f3dico, la gerente regional de BoA, Noelia Beltr\u00e1n, inform\u00f3 que la suspensi\u00f3n de vuelos de esta ma\u00f1ana se debe a un problema ya habitual en Alcantar\u00ed: el factor clim\u00e1tico.<\/p>\n<p style=\"text-align: justify;\">\u201cS\u00ed, nuevamente es problema meteorol\u00f3gico. El aeropuerto toda la ma\u00f1ana ha estado inoperable\u201d, asever\u00f3 Beltr\u00e1n.<\/p>\n<p style=\"text-align: justify;\">DOS VECES EN 96 HORAS<\/p>\n<p style=\"text-align: justify;\">El s\u00e1bado pasado, un vuelo proveniente de Santa Cruz de la Sierra no pudo aterrizar en Alcantar\u00ed y volvi\u00f3 a instalar la pol\u00e9mica respecto a la operatividad del aeropuerto de Sucre.<\/p>\n<p style=\"text-align: justify;\">Pilar Carvajal, vicepresidenta de Abavyt (Asociaci\u00f3n Boliviana de Agencias de Viajes y Turismo), lament\u00f3 que un vuelo de la estatal BoA tuvo que retornar a la capital oriental debido a que la aeronave, en la que se trasladaban 30 turistas nacionales y extranjeros con destino a Uyuni, no puedo aterrizar. El hecho se registr\u00f3 aproximadamente a las 9:30.<\/p>\n<p style=\"text-align: justify;\">\u201cUn aeropuerto que se supone que es internacional, no tenga las capacidad para operar en cualquier condici\u00f3n clim\u00e1tica, realmente es un perjuicio para la ciudad\u201d, reclam\u00f3 en Correo del Sur Radio, desde el aeropuerto Alcantar\u00ed, al asegurar que solo ca\u00eda una llovizna leve.<\/p>\n<p style=\"text-align: justify;\">En ese mismo sentido protest\u00f3 este martes la usuaria Fern\u00e1ndez Daza, quien record\u00f3 que se habla de \u201caeropuerto internacional\u201d, pero, en los hechos, la terminal a\u00e9rea no funciona como tal y, con incidentes como estos, deja mucho que desear.<\/p>\n<p style=\"text-align: justify;\">Un d\u00eda antes, el viernes, el presidente Luis Arce entreg\u00f3 la manga de abordaje que la terminal a\u00e9rea y sus usuarios esperaban desde hace a\u00f1os. El mandatario anunci\u00f3 incluso una segunda para el futuro.<\/p>\n","protected":false},"excerpt":{"rendered":"<p>Usuarios de Boliviana de Aviaci\u00f3n (BoA) denunciaron este martes la reprogramaci\u00f3n de sus vuelos por falta de operatividad del aeropuerto de Alcantar\u00ed. Se trata del segundo incidente de este tipo en cuatro d\u00edas. Al igual que en la ma\u00f1ana del s\u00e1bado de Carnaval, este Martes de Ch\u2019alla hubo decenas de pasajeros perjudicados, entre ellos varios [&hellip;]<\/p>\n","protected":false},"author":4,"featured_media":63456,"comment_status":"open","ping_status":"closed","sticky":false,"template":"","format":"standard","meta":{"footnotes":""},"categories":[20,47,48],"tags":[],"class_list":{"0":"post-63455","1":"post","2":"type-post","3":"status-publish","4":"format-standard","5":"has-post-thumbnail","7":"category-actualidad","8":"category-portada-actualidad","9":"category-portada-general-sitio"},"_links":{"self":[{"href":"https:\/\/jms.com.bo\/mediamonitor\/wp-json\/wp\/v2\/posts\/63455","targetHints":{"allow":["GET"]}}],"collection":[{"href":"https:\/\/jms.com.bo\/mediamonitor\/wp-json\/wp\/v2\/posts"}],"about":[{"href":"https:\/\/jms.com.bo\/mediamonitor\/wp-json\/wp\/v2\/types\/post"}],"author":[{"embeddable":true,"href":"https:\/\/jms.com.bo\/mediamonitor\/wp-json\/wp\/v2\/users\/4"}],"replies":[{"embeddable":true,"href":"https:\/\/jms.com.bo\/mediamonitor\/wp-json\/wp\/v2\/comments?post=63455"}],"version-history":[{"count":0,"href":"https:\/\/jms.com.bo\/mediamonitor\/wp-json\/wp\/v2\/posts\/63455\/revisions"}],"wp:featuredmedia":[{"embeddable":true,"href":"https:\/\/jms.com.bo\/mediamonitor\/wp-json\/wp\/v2\/media\/63456"}],"wp:attachment":[{"href":"https:\/\/jms.com.bo\/mediamonitor\/wp-json\/wp\/v2\/media?parent=63455"}],"wp:term":[{"taxonomy":"category","embeddable":true,"href":"https:\/\/jms.com.bo\/mediamonitor\/wp-json\/wp\/v2\/categories?post=63455"},{"taxonomy":"post_tag","embeddable":true,"href":"https:\/\/jms.com.bo\/mediamonitor\/wp-json\/wp\/v2\/tags?post=63455"}],"curies":[{"name":"wp","href":"https:\/\/api.w.org\/{rel}","templated":true}]}}