{"id":63457,"date":"2024-02-15T07:09:51","date_gmt":"2024-02-15T11:09:51","guid":{"rendered":"https:\/\/jms.com.bo\/mediamonitor\/2024\/02\/15\/preven-que-la-ley-del-12-afectara-a-los-programas-de-la-gobernacion\/"},"modified":"2024-02-15T07:09:51","modified_gmt":"2024-02-15T11:09:51","slug":"preven-que-la-ley-del-12-afectara-a-los-programas-de-la-gobernacion","status":"publish","type":"post","link":"https:\/\/jms.com.bo\/mediamonitor\/2024\/02\/15\/preven-que-la-ley-del-12-afectara-a-los-programas-de-la-gobernacion\/","title":{"rendered":"Prev\u00e9n que la Ley del 12% afectar\u00e1 a los programas de la Gobernaci\u00f3n"},"content":{"rendered":"<p style=\"text-align: justify;\">Aprovechando la algarab\u00eda del carnaval, el viernes 9 de febrero, el bloque mayoritario de la Asamblea Legislativa Departamental de Tarija (ALDT), integrado por legisladores disidentes de Unidos, la bancada del Movimiento al Socialismo (MAS) y asamble\u00edstas de la bancada ind\u00edgena, logr\u00f3 la aprobaci\u00f3n de la \u201cLey de transferencia de recursos departamentales para inversi\u00f3n en el \u00e1mbito territorial municipal\u201d, que establece la transferencia directa del 1,5% del 55% de regal\u00edas que administra la Gobernaci\u00f3n a favor de ocho gobiernos municipales. Lo que en total suma 12%.<\/p>\n<p style=\"text-align: justify;\">Esta ley remplaza a la Ley del 8% que los alcaldes y el gobernador, Oscar Montes, decidieron dejar de lado.<\/p>\n<p style=\"text-align: justify;\">Asamble\u00edstas del bloque oficialista advierten que esta normativa afectar\u00e1 el normal desarrollo de programas y proyectos que ya tienen un presupuesto asignado.<\/p>\n<p style=\"text-align: justify;\">Antecedentes<\/p>\n<p style=\"text-align: justify;\">Cabe recordar que, en diciembre del 2021, la ALDT, aprovechando el bloque mayoritario af\u00edn a la bancada de Unidos, abrog\u00f3 la Ley Departamental N\u00b0206, tambi\u00e9n conocida como ley del 8%, que obligaba la transferencia de recursos y tambi\u00e9n permit\u00eda a los municipios debitar al Gobierno Departamental a trav\u00e9s del Ministerio de Econom\u00eda y Finanzas. En remplazo se aprob\u00f3 la Ley 443 de \u00abAsignaci\u00f3n de recursos departamentales de inversi\u00f3n en el \u00e1mbito territorial municipal\u201d, que cumpl\u00eda la misma funci\u00f3n, pero cerraba cualquier posibilidad a debitar recursos.<\/p>\n<p style=\"text-align: justify;\">Mauricio Lea Plaza: \u201cSe han vulnerado varios procedimientos establecidos en el Reglamento de la ALDT. Vamos a plantear las acciones correspondientes para evitar que esta violaci\u00f3n se consolide\u201d<\/p>\n<p style=\"text-align: justify;\">Esta decisi\u00f3n gener\u00f3 un rechazo por parte de la Asociaci\u00f3n de Municipios de Tarija (AMT) y algunos sectores sociales, que incluso bloquearon por algunos d\u00edas las carreteras departamentales. Empero, el compromiso asumido por el gobernador, Oscar Montes, y los miembros de la AMT era trabajar otra normativa, sin embargo, nunca hubo consenso y el proyecto qued\u00f3 en el limbo en 2022 y 2023.<\/p>\n<p style=\"text-align: justify;\">No fue hasta el viernes pasado, que la ALDT en una sesi\u00f3n extraordinaria determin\u00f3 tratar esta iniciativa legislativa, que aumenta la asignaci\u00f3n de recursos, de 1% a 1,5%, para cada uno de los ocho gobiernos municipales. Adem\u00e1s, que da la llave a los municipios a que nuevamente puedan debitar recursos a la Gobernaci\u00f3n, esto en caso que haya un retraso de tres transferencias mensuales consecutivas.<\/p>\n<p style=\"text-align: justify;\">Las reacciones<\/p>\n<p style=\"text-align: justify;\">Si bien de momento no hubo un pronunciamiento oficial por parte de autoridades de la Gobernaci\u00f3n, han sido los asamble\u00edstas de Unidos quienes han advertido las consecuencias que va a tener esta normativa recientemente aprobada.<\/p>\n<p style=\"text-align: justify;\">El asamble\u00edsta departamental, Mauricio Lea Plaza, argument\u00f3 que los gobiernos municipales son entidades auton\u00f3micas diferentes al Gobierno Departamental, que tienen sus propias fuentes de ingreso establecidas en la Constituci\u00f3n Pol\u00edtica del Estado (CPE), que no son organismos dependientes de la Gobernaci\u00f3n.<\/p>\n<p style=\"text-align: justify;\">\u201cEsta plata podr\u00eda usarse en nuevos proyectos o en fortalecer los programas sociales, \u00bfy hoy el Gobernador qu\u00e9 va a tener que hacer?, va tener que sacar esos 19 millones de bolivianos de los propios programas sociales y productivos que se est\u00e1n financiando, la canasta alimentaria, Prosol, \u00edtems de salud, seguramente se van a ver afectados por esta disminuci\u00f3n a los recursos departamentales\u201d, apunt\u00f3.<\/p>\n<p style=\"text-align: justify;\">Lea Plaza se\u00f1al\u00f3 que con este \u201cgolpe econ\u00f3mico\u201d se confirma la intencionalidad de la actual directiva, de desestabilizar la gesti\u00f3n de la Gobernaci\u00f3n. Enfatiz\u00f3 que son alrededor de 19 millones de bolivianos los que se destinan a los gobiernos municipales para que se liciten obras que a la larga no llegan a concluirse y \u201cquedan a medias\u201d.<\/p>\n<p style=\"text-align: justify;\">Art\u00edculo que avala el d\u00e9bito autom\u00e1tico de recursos<\/p>\n<p style=\"text-align: justify;\">La autoridad enfatiz\u00f3 que esta es una acci\u00f3n pol\u00edtica de intentar desestabilizar al Gobierno Departamental. Mencion\u00f3 que para aprobar dicha normativa ni siquiera se ha respetado el debido proceso, establecido en el Reglamento Interno de la ALDT. Explic\u00f3 que los saldos en caja y banco ya est\u00e1n designados en el presupuesto y no son recursos de libre disponibilidad.<\/p>\n<p style=\"text-align: justify;\">Sobre este tema, la primera vicepresidenta de la ALDT, Juanita Miranda, contradijo a su colega, asegurando que se han respetado todos los pasos para poder tratar dicha normativa, y que incluso se lo ha venido posponiendo desde hace tiempo atr\u00e1s. Record\u00f3 que en agosto del 2023 entr\u00f3 la solicitud de reposici\u00f3n de este proyecto de ley del 1%, que fue realizada por el legislador Eider Quiroga, a pedido de los alcaldes, quienes exig\u00edan abordar dicha ley.<\/p>\n<p style=\"text-align: justify;\">Miranda detall\u00f3 que la citaci\u00f3n para la sesi\u00f3n del d\u00eda viernes fue emitida el 8 de febrero, con su debida anticipaci\u00f3n. Apunt\u00f3 que toda la informaci\u00f3n era de conocimiento de las bancadas que integran el pleno legislativo.<\/p>\n<p style=\"text-align: justify;\">En esa misma l\u00ednea, Miranda dijo que cuando se trata de leyes econ\u00f3micas, siempre se manda en consulta al ejecutivo departamental, y que en este caso ya hubo un consenso entre alcaldes y Gobernador. Apunt\u00f3 que la ley ser\u00e1 remitir\u00e1 a la Gobernaci\u00f3n en las siguientes horas, y que a\u00fan est\u00e1 abierta a que pueda ser observada por el Gobernador.<\/p>\n<p style=\"text-align: justify;\">La AMT ha evitado hablar del tema<\/p>\n<p style=\"text-align: justify;\">Respecto a esta situaci\u00f3n, El Pa\u00eds ha intentado contactar al presidente de la Asociaci\u00f3n de Municipios de Tarija (AMT) y alcalde de San Lorenzo, Asunci\u00f3n Ramos, para conocer sus impresiones sobre la ley del 12%. Sin embargo, la autoridad evit\u00f3 pronunciarse al respecto.<\/p>\n<p style=\"text-align: justify;\">En complemento, el asamble\u00edsta por Unidos, Luis Lema, explic\u00f3 que el 1,5% multiplicado por ocho municipios, representa el 12% de las regal\u00edas, equivalente a 53 millones de bolivianos, es decir, de lo que ya se asignaba (34 millones de bolivianos), ahora se debe aumentar otros 19 millones.<\/p>\n","protected":false},"excerpt":{"rendered":"<p>Aprovechando la algarab\u00eda del carnaval, el viernes 9 de febrero, el bloque mayoritario de la Asamblea Legislativa Departamental de Tarija (ALDT), integrado por legisladores disidentes de Unidos, la bancada del Movimiento al Socialismo (MAS) y asamble\u00edstas de la bancada ind\u00edgena, logr\u00f3 la aprobaci\u00f3n de la \u201cLey de transferencia de recursos departamentales para inversi\u00f3n en el [&hellip;]<\/p>\n","protected":false},"author":4,"featured_media":63458,"comment_status":"open","ping_status":"closed","sticky":false,"template":"","format":"standard","meta":{"footnotes":""},"categories":[18],"tags":[],"class_list":{"0":"post-63457","1":"post","2":"type-post","3":"status-publish","4":"format-standard","5":"has-post-thumbnail","7":"category-politica"},"_links":{"self":[{"href":"https:\/\/jms.com.bo\/mediamonitor\/wp-json\/wp\/v2\/posts\/63457","targetHints":{"allow":["GET"]}}],"collection":[{"href":"https:\/\/jms.com.bo\/mediamonitor\/wp-json\/wp\/v2\/posts"}],"about":[{"href":"https:\/\/jms.com.bo\/mediamonitor\/wp-json\/wp\/v2\/types\/post"}],"author":[{"embeddable":true,"href":"https:\/\/jms.com.bo\/mediamonitor\/wp-json\/wp\/v2\/users\/4"}],"replies":[{"embeddable":true,"href":"https:\/\/jms.com.bo\/mediamonitor\/wp-json\/wp\/v2\/comments?post=63457"}],"version-history":[{"count":0,"href":"https:\/\/jms.com.bo\/mediamonitor\/wp-json\/wp\/v2\/posts\/63457\/revisions"}],"wp:featuredmedia":[{"embeddable":true,"href":"https:\/\/jms.com.bo\/mediamonitor\/wp-json\/wp\/v2\/media\/63458"}],"wp:attachment":[{"href":"https:\/\/jms.com.bo\/mediamonitor\/wp-json\/wp\/v2\/media?parent=63457"}],"wp:term":[{"taxonomy":"category","embeddable":true,"href":"https:\/\/jms.com.bo\/mediamonitor\/wp-json\/wp\/v2\/categories?post=63457"},{"taxonomy":"post_tag","embeddable":true,"href":"https:\/\/jms.com.bo\/mediamonitor\/wp-json\/wp\/v2\/tags?post=63457"}],"curies":[{"name":"wp","href":"https:\/\/api.w.org\/{rel}","templated":true}]}}