{"id":63459,"date":"2024-02-15T07:11:26","date_gmt":"2024-02-15T11:11:26","guid":{"rendered":"https:\/\/jms.com.bo\/mediamonitor\/2024\/02\/15\/evistas-amenazan-con-retomar-los-bloqueos-si-no-se-anula-la-prorroga-de-magistrados\/"},"modified":"2024-02-15T07:11:26","modified_gmt":"2024-02-15T11:11:26","slug":"evistas-amenazan-con-retomar-los-bloqueos-si-no-se-anula-la-prorroga-de-magistrados","status":"publish","type":"post","link":"https:\/\/jms.com.bo\/mediamonitor\/2024\/02\/15\/evistas-amenazan-con-retomar-los-bloqueos-si-no-se-anula-la-prorroga-de-magistrados\/","title":{"rendered":"Evistas amenazan con retomar los bloqueos si no se anula la pr\u00f3rroga de magistrados"},"content":{"rendered":"<p style=\"text-align: justify;\">En demanda de la aprobaci\u00f3n de los proyectos de ley 073 y 075, contra la pr\u00f3rroga de mandato de los magistrados, sectores evistas advirtieron con retomar el bloqueo de caminos si no se suspende a las altas autoridades del \u00d3rgano Judicial y el Tribunal Constitucional Plurinacional (TCP),<\/p>\n<p style=\"text-align: justify;\">Freddy L\u00f3pez, diputado del bloque evista del Movimiento Al Socialismo (MAS), se\u00f1al\u00f3 este mi\u00e9rcoles que las nuevas medidas de presi\u00f3n ser\u00e1n conocidas en un ampliado convocado por el Pacto de Unidad af\u00edn al expresidente Evo Morales, para el 23 de febrero en Cochabamba.<\/p>\n<p style=\"text-align: justify;\">\u201cAlgunos sectores y algunas organizaciones han sido muy tolerantes. Creo que han dado un cuarto intermedio y ellos est\u00e1n haciendo una lectura y ojal\u00e1 algunos diputados tomen en cuenta que los bloqueos y movilizaciones que se van a dar, ser\u00e1 culpa de ellos. La decisi\u00f3n que se va a tomar dentro del ampliado de este 23 va a ser muy importante. Ojal\u00e1 en estos d\u00edas (Israel) Huaytari (presidente de la C\u00e1mara de Diputados) pueda convocar y tratar al margen de lo que ha fenecido del 5 al 9 (el acuerdo)\u201d, dijo L\u00f3pez.<\/p>\n<p style=\"text-align: justify;\">Reiter\u00f3 que ojal\u00e1 se pueda debatir e incluso aprobar en la Asamblea, antes del 23, las normas contra la pr\u00f3rroga de los actuales magistrados.<\/p>\n<p style=\"text-align: justify;\">El acuerdo de la comisi\u00f3n bicameral del 2 de febrero junto a las tres fuerzas pol\u00edticas de la Asamblea Legislativa estableci\u00f3 el tratamiento y aprobaci\u00f3n del proyecto de Ley 144\/2022-2023 para su posterior remisi\u00f3n al \u00d3rgano Ejecutivo.<\/p>\n<p style=\"text-align: justify;\">Tambi\u00e9n el tratamiento de los proyectos de ley 073 (suspensi\u00f3n de plazos procesales) y 075 (de cesaci\u00f3n a los magistrados) en la C\u00e1mara de Diputados \u201cen la sesi\u00f3n siguiente a la aprobaci\u00f3n del proyecto de Ley 144\u201d y de al menos cuatro proyectos de ley referidos a la aprobaci\u00f3n de cr\u00e9ditos externos.<\/p>\n<p style=\"text-align: justify;\">El jueves 8 de febrero, tras cinco horas de debate en la C\u00e1mara Baja para tratar los cr\u00e9ditos y los proyectos de ley 073 y 075, Huaytari determin\u00f3 entrar en cuarto intermedio, debido a que no hubo consenso en el orden del d\u00eda.<\/p>\n<p style=\"text-align: justify;\">Mientras que el dirigente de los interculturales del ala evsita, Juan Enrique Mamani, dijo que hay falta de voluntad para el tratamiento de los proyectos de ley 073 y 075. No descart\u00f3 tambi\u00e9n que los bloqueos de caminos se retomen en el pa\u00eds si no se da curso a este pedido.<\/p>\n<p style=\"text-align: justify;\">\u201cCualquier otra movilizaci\u00f3n es responsabilidad de ellos (ala arcista). Esto se va a ir masificando a nivel nacional. Como organizaciones sociales estamos en cuarto intermedio, (pero) estamos en estado de alerta\u201d, dijo Mamani.<\/p>\n","protected":false},"excerpt":{"rendered":"<p>En demanda de la aprobaci\u00f3n de los proyectos de ley 073 y 075, contra la pr\u00f3rroga de mandato de los magistrados, sectores evistas advirtieron con retomar el bloqueo de caminos si no se suspende a las altas autoridades del \u00d3rgano Judicial y el Tribunal Constitucional Plurinacional (TCP), Freddy L\u00f3pez, diputado del bloque evista del Movimiento [&hellip;]<\/p>\n","protected":false},"author":4,"featured_media":63460,"comment_status":"open","ping_status":"closed","sticky":false,"template":"","format":"standard","meta":{"footnotes":""},"categories":[18],"tags":[],"class_list":{"0":"post-63459","1":"post","2":"type-post","3":"status-publish","4":"format-standard","5":"has-post-thumbnail","7":"category-politica"},"_links":{"self":[{"href":"https:\/\/jms.com.bo\/mediamonitor\/wp-json\/wp\/v2\/posts\/63459","targetHints":{"allow":["GET"]}}],"collection":[{"href":"https:\/\/jms.com.bo\/mediamonitor\/wp-json\/wp\/v2\/posts"}],"about":[{"href":"https:\/\/jms.com.bo\/mediamonitor\/wp-json\/wp\/v2\/types\/post"}],"author":[{"embeddable":true,"href":"https:\/\/jms.com.bo\/mediamonitor\/wp-json\/wp\/v2\/users\/4"}],"replies":[{"embeddable":true,"href":"https:\/\/jms.com.bo\/mediamonitor\/wp-json\/wp\/v2\/comments?post=63459"}],"version-history":[{"count":0,"href":"https:\/\/jms.com.bo\/mediamonitor\/wp-json\/wp\/v2\/posts\/63459\/revisions"}],"wp:featuredmedia":[{"embeddable":true,"href":"https:\/\/jms.com.bo\/mediamonitor\/wp-json\/wp\/v2\/media\/63460"}],"wp:attachment":[{"href":"https:\/\/jms.com.bo\/mediamonitor\/wp-json\/wp\/v2\/media?parent=63459"}],"wp:term":[{"taxonomy":"category","embeddable":true,"href":"https:\/\/jms.com.bo\/mediamonitor\/wp-json\/wp\/v2\/categories?post=63459"},{"taxonomy":"post_tag","embeddable":true,"href":"https:\/\/jms.com.bo\/mediamonitor\/wp-json\/wp\/v2\/tags?post=63459"}],"curies":[{"name":"wp","href":"https:\/\/api.w.org\/{rel}","templated":true}]}}