{"id":63461,"date":"2024-02-15T07:12:49","date_gmt":"2024-02-15T11:12:49","guid":{"rendered":"https:\/\/jms.com.bo\/mediamonitor\/2024\/02\/15\/comision-mixta-de-constitucion-aprueba-la-convocatoria-para-candidatos-a-las-judiciales\/"},"modified":"2024-02-15T07:12:49","modified_gmt":"2024-02-15T11:12:49","slug":"comision-mixta-de-constitucion-aprueba-la-convocatoria-para-candidatos-a-las-judiciales","status":"publish","type":"post","link":"https:\/\/jms.com.bo\/mediamonitor\/2024\/02\/15\/comision-mixta-de-constitucion-aprueba-la-convocatoria-para-candidatos-a-las-judiciales\/","title":{"rendered":"Comisi\u00f3n Mixta de Constituci\u00f3n aprueba la convocatoria para candidatos a las judiciales"},"content":{"rendered":"<p style=\"text-align: justify;\">La Comisi\u00f3n Mixta de Constituci\u00f3n de la Asamblea Legislativa aprob\u00f3 este mi\u00e9rcoles la convocatoria p\u00fablica para candidatos a magistrados del \u00d3rgano Judicial y el Tribunal Constitucional.<\/p>\n<p style=\"text-align: justify;\">Cerca de las 17.00 de este mi\u00e9rcoles se instal\u00f3 la segunda sesi\u00f3n ordinaria en la que se debati\u00f3 las dos propuestas de convocatoria, una por el MAS y otra por Comunidad Ciudadana. Tras dos horas de debate se aprob\u00f3 sobre la primera.<\/p>\n<p style=\"text-align: justify;\">\u201cLa labor de la comisi\u00f3n es elaborar la convocatoria y enviar con un informe al pleno de la Asamblea. Ma\u00f1ana en horas de la ma\u00f1ana se va a enviar la convocatoria y el informe. En el plazo de 24 horas se tendr\u00e1 que convocar a sesi\u00f3n y poner a conocimiento del pleno esta convocatoria. Prevemos que esto pueda suceder el viernes. S\u00e1bado, domingo y lunes se est\u00e9 cumpliendo la publicaci\u00f3n y a partir del primer d\u00eda empieza el c\u00f3mputo de los 80 d\u00edas\u201d, dijo el diputado del MAS, Juan Jos\u00e9 J\u00e1uregui.<\/p>\n<p style=\"text-align: justify;\">A\u00f1adi\u00f3 que de cumplirse con este cronograma el d\u00eda martes se estar\u00eda abriendo las oficinas de la comisi\u00f3n mixta para la recepci\u00f3n de las postulaciones.<\/p>\n","protected":false},"excerpt":{"rendered":"<p>La Comisi\u00f3n Mixta de Constituci\u00f3n de la Asamblea Legislativa aprob\u00f3 este mi\u00e9rcoles la convocatoria p\u00fablica para candidatos a magistrados del \u00d3rgano Judicial y el Tribunal Constitucional. Cerca de las 17.00 de este mi\u00e9rcoles se instal\u00f3 la segunda sesi\u00f3n ordinaria en la que se debati\u00f3 las dos propuestas de convocatoria, una por el MAS y otra [&hellip;]<\/p>\n","protected":false},"author":4,"featured_media":63462,"comment_status":"open","ping_status":"closed","sticky":false,"template":"","format":"standard","meta":{"footnotes":""},"categories":[18,48,46],"tags":[],"class_list":{"0":"post-63461","1":"post","2":"type-post","3":"status-publish","4":"format-standard","5":"has-post-thumbnail","7":"category-politica","8":"category-portada-general-sitio","9":"category-portada-politica"},"_links":{"self":[{"href":"https:\/\/jms.com.bo\/mediamonitor\/wp-json\/wp\/v2\/posts\/63461","targetHints":{"allow":["GET"]}}],"collection":[{"href":"https:\/\/jms.com.bo\/mediamonitor\/wp-json\/wp\/v2\/posts"}],"about":[{"href":"https:\/\/jms.com.bo\/mediamonitor\/wp-json\/wp\/v2\/types\/post"}],"author":[{"embeddable":true,"href":"https:\/\/jms.com.bo\/mediamonitor\/wp-json\/wp\/v2\/users\/4"}],"replies":[{"embeddable":true,"href":"https:\/\/jms.com.bo\/mediamonitor\/wp-json\/wp\/v2\/comments?post=63461"}],"version-history":[{"count":0,"href":"https:\/\/jms.com.bo\/mediamonitor\/wp-json\/wp\/v2\/posts\/63461\/revisions"}],"wp:featuredmedia":[{"embeddable":true,"href":"https:\/\/jms.com.bo\/mediamonitor\/wp-json\/wp\/v2\/media\/63462"}],"wp:attachment":[{"href":"https:\/\/jms.com.bo\/mediamonitor\/wp-json\/wp\/v2\/media?parent=63461"}],"wp:term":[{"taxonomy":"category","embeddable":true,"href":"https:\/\/jms.com.bo\/mediamonitor\/wp-json\/wp\/v2\/categories?post=63461"},{"taxonomy":"post_tag","embeddable":true,"href":"https:\/\/jms.com.bo\/mediamonitor\/wp-json\/wp\/v2\/tags?post=63461"}],"curies":[{"name":"wp","href":"https:\/\/api.w.org\/{rel}","templated":true}]}}