{"id":63465,"date":"2024-02-15T07:15:54","date_gmt":"2024-02-15T11:15:54","guid":{"rendered":"https:\/\/jms.com.bo\/mediamonitor\/2024\/02\/15\/economista-expone-15-puntos-por-los-que-considera-que-bolivia-vive-en-crisis\/"},"modified":"2024-02-15T07:15:54","modified_gmt":"2024-02-15T11:15:54","slug":"economista-expone-15-puntos-por-los-que-considera-que-bolivia-vive-en-crisis","status":"publish","type":"post","link":"https:\/\/jms.com.bo\/mediamonitor\/2024\/02\/15\/economista-expone-15-puntos-por-los-que-considera-que-bolivia-vive-en-crisis\/","title":{"rendered":"Economista expone 15 puntos por los que considera que Bolivia vive en \u201ccrisis\u201d"},"content":{"rendered":"<p style=\"text-align: justify;\">Las dificultades pol\u00edticas y judiciales azotan al pa\u00eds desde hace meses. A esta realidad se sumaron en los \u00faltimos meses las denuncias de escasez de combustible \u2013luego desmentidas por el Gobierno\u2013 y de d\u00f3lares.<\/p>\n<p style=\"text-align: justify;\">En contrapartida, la administraci\u00f3n de Luis Arce afirm\u00f3 en reiteradas ocasiones que la realidad del pa\u00eds contempla un crecimiento econ\u00f3mico alto y presenta indicadores de desarrollo \u201cenvidiables\u201d por otras naciones; indican que el denominado modelo econ\u00f3mico social productivo coadyuva al progreso de Bolivia.<\/p>\n<p style=\"text-align: justify;\">En medio del debate, el economista Gonzalo Ch\u00e1vez explic\u00f3, a trav\u00e9s de un video en redes sociales titulado \u201cC\u00e1psula econ\u00f3mica para hermanos y compa\u00f1eros\u201d, los puntos que justifican que Bolivia vive una \u201ccrisis social y econ\u00f3mica\u201d. A continuaci\u00f3n, las razones de su an\u00e1lisis:<\/p>\n<p style=\"text-align: justify;\">1. Inflaci\u00f3n reprimida<\/p>\n<p style=\"text-align: justify;\">En primera instancia, el economista se refiere a una inflaci\u00f3n reprimida en Bolivia que se sostiene en base a subsidios y que cobra mayor fuerza gracias a \u201chaber perdido 15.000 millones de d\u00f3lares de las reservas internacionales\u201d.<\/p>\n<p style=\"text-align: justify;\">2. Crecimiento bons\u00e1i \u201cchiquitito\u201d<\/p>\n<p style=\"text-align: justify;\">Las proyecciones del Gobierno apuntaban a un crecimiento de 4,9%; sin embargo, la realidad indica que el porcentaje apenas alcanzar\u00e1 el 2%, lo que se considera un factor de crisis tras no alcanzar las metas propuestas con el modelo econ\u00f3mico estatista.<\/p>\n<p style=\"text-align: justify;\">3. Ocupaci\u00f3n precaria<\/p>\n<p style=\"text-align: justify;\">A finales de 2023, el Gobierno vitore\u00f3 que el pa\u00eds alcanz\u00f3 la tasa de desempleo m\u00e1s baja de la regi\u00f3n; no obstante, Ch\u00e1vez afirma que las cifras, lejos de reflejar la estabilidad laboral de los bolivianos, revelan que la mayor\u00eda de la poblaci\u00f3n ocupa \u201ctrabajos muy precarios\u201d, que no se pueden considerar empleos, sino ocupaciones de sobrevivencia en las que no cuentan con beneficios y seguridades a largo plazo.<\/p>\n<p style=\"text-align: justify;\">4. Falta de di\u00e9sel<\/p>\n<p style=\"text-align: justify;\">Por otra parte, la falta de di\u00e9sel en las estaciones de servicio del pa\u00eds evidencia la crisis actual en la que el sector del transporte padece por combustible, con lo que se frena el movimiento econ\u00f3mico en todo el territorio.<\/p>\n<p style=\"text-align: justify;\">5. Falta de d\u00f3lares<\/p>\n<p style=\"text-align: justify;\">La falta de liquidez de d\u00f3lares tambi\u00e9n se considera un factor fundamental de los aprietos econ\u00f3micos en el pa\u00eds. Ante la falta de la moneda norteamericana, las importaciones se ven afectadas, ya que se dificultan las transacciones para adquirir todo tipo de mercanc\u00edas que se necesitan dentro de Bolivia.<\/p>\n<p style=\"text-align: justify;\">6. D\u00e9ficit p\u00fablico<\/p>\n<p style=\"text-align: justify;\">\u201cGastan, invierten como locos y han bajado sus ingresos\u201d, advirti\u00f3 Ch\u00e1vez, al explicar que el d\u00e9ficit lleva 11 a\u00f1os contemplando alrededor del 7,5% del Producto Interno Bruto (PIB).<\/p>\n<p style=\"text-align: justify;\">7. Reservas internacionales \u201cen ca\u00edda libre\u201d<\/p>\n<p style=\"text-align: justify;\">El economista apunt\u00f3 que las reservas internacionales, para 2014, eran de 15.000 millones de d\u00f3lares y que durante los mandatos de Evo Morales, Jeanine \u00c1\u00f1ez y Luis Arce, se desplomaron en 13.000 millones; adem\u00e1s de \u201chaberse agarrado\u201d 3.000 millones de d\u00f3lares de la banca privada, con lo que ahora el Gobierno est\u00e1 \u201craspando la olla\u201d.<\/p>\n<p style=\"text-align: justify;\">8. Estrangulamiento del sector del gas<\/p>\n<p style=\"text-align: justify;\">El sector del gas proporcionaba un excedente econ\u00f3mico para sostener al modelo; de este recurso, proven\u00edan los activos para la pol\u00edtica social, sectorial e industrial. Sin embargo, no se llevaron a cabo las inversiones correspondientes para exploraci\u00f3n y producci\u00f3n con lo que \u201cel gas se hizo gas\u201d. La falta de ese excedente es considerada como una posible \u201cmadre\u201d de la crisis actual, seg\u00fan Ch\u00e1vez.<\/p>\n<p style=\"text-align: justify;\">9. Deuda p\u00fablica<\/p>\n<p style=\"text-align: justify;\">A fin de \u201ctapar\u201d el d\u00e9ficit fiscal, el Estado se endeud\u00f3 con un 30% de deuda interna, 30% de externa y 20% de pr\u00e9stamos que efectu\u00f3 a empresas p\u00fablicas \u201cque no funcionan\u201d.<\/p>\n<p style=\"text-align: justify;\">@gonzalochavez18 #nostradamuschavez #economiaboliviana #crisisbolivia \u266c sonido original &#8211; Gonzalo Chavez<br \/>\n10. Depredaci\u00f3n del medio ambiente<\/p>\n<p style=\"text-align: justify;\">El economista record\u00f3 la poluci\u00f3n que azot\u00f3 a distintas ciudad del pa\u00eds hace algunos meses, donde se evidenci\u00f3 el destrozo de m\u00e1s de tres millones de hect\u00e1reas; adem\u00e1s se refiri\u00f3 a la actividad de los cooperativistas mineros que \u201cest\u00e1n envenenando a la poblaci\u00f3n con el mercurio\u201d.<\/p>\n<p style=\"text-align: justify;\">11. Econom\u00eda informal gigantesca<\/p>\n<p style=\"text-align: justify;\">Otro indicador hace referencia al incremento de la econom\u00eda informal, en la que los comerciantes no pagan impuestos. Dentro del sector del empleo, 80% corresponde a la informalidad.<\/p>\n<p style=\"text-align: justify;\">12. Sistema judicial en pedazos<\/p>\n<p style=\"text-align: justify;\">La actual situaci\u00f3n judicial muestra como la organizaci\u00f3n de los poderes del Estado no es la adecuada para la gesti\u00f3n de un pa\u00eds, el sistema de justicia \u201cse cae a pedazos, est\u00e1 lleno de maleantes y es un desastre\u201d.<\/p>\n<p style=\"text-align: justify;\">13. Corrupci\u00f3n \u201cpor todo lado\u201d<\/p>\n<p style=\"text-align: justify;\">Ch\u00e1vez hace referencia la corrupci\u00f3n como una enfermedad que se encuentra \u201cen todos lados\u201d y que, lamentablemente, se ha convertido en una pr\u00e1ctica habitual en las instituciones p\u00fablicas y privadas.<\/p>\n<p style=\"text-align: justify;\">14. Apag\u00f3n educativo<\/p>\n<p style=\"text-align: justify;\">Asimismo, el economista habla de un \u201capag\u00f3n educativo\u201d en el que se evidencia la baja calidad de educaci\u00f3n en el pa\u00eds y el bajo rendimiento de los estudiantes nacionales. La educaci\u00f3n boliviana no aparece dentro de los \u00edndices internacionales.<\/p>\n<p style=\"text-align: justify;\">15. Salud desastrosa<\/p>\n<p style=\"text-align: justify;\">Por \u00faltimo, la burocracia que se ha agravado en el sistema de salud impide que millones de personas tengan acceso y sean atendidos adecuadamente para dar soluci\u00f3n a sus problemas de salud, que en muchos casos pueden ser mortales.<\/p>\n<p style=\"text-align: justify;\">\n","protected":false},"excerpt":{"rendered":"<p>Las dificultades pol\u00edticas y judiciales azotan al pa\u00eds desde hace meses. A esta realidad se sumaron en los \u00faltimos meses las denuncias de escasez de combustible \u2013luego desmentidas por el Gobierno\u2013 y de d\u00f3lares. En contrapartida, la administraci\u00f3n de Luis Arce afirm\u00f3 en reiteradas ocasiones que la realidad del pa\u00eds contempla un crecimiento econ\u00f3mico alto [&hellip;]<\/p>\n","protected":false},"author":4,"featured_media":63466,"comment_status":"open","ping_status":"closed","sticky":false,"template":"","format":"standard","meta":{"footnotes":""},"categories":[25],"tags":[],"class_list":{"0":"post-63465","1":"post","2":"type-post","3":"status-publish","4":"format-standard","5":"has-post-thumbnail","7":"category-economia"},"_links":{"self":[{"href":"https:\/\/jms.com.bo\/mediamonitor\/wp-json\/wp\/v2\/posts\/63465","targetHints":{"allow":["GET"]}}],"collection":[{"href":"https:\/\/jms.com.bo\/mediamonitor\/wp-json\/wp\/v2\/posts"}],"about":[{"href":"https:\/\/jms.com.bo\/mediamonitor\/wp-json\/wp\/v2\/types\/post"}],"author":[{"embeddable":true,"href":"https:\/\/jms.com.bo\/mediamonitor\/wp-json\/wp\/v2\/users\/4"}],"replies":[{"embeddable":true,"href":"https:\/\/jms.com.bo\/mediamonitor\/wp-json\/wp\/v2\/comments?post=63465"}],"version-history":[{"count":0,"href":"https:\/\/jms.com.bo\/mediamonitor\/wp-json\/wp\/v2\/posts\/63465\/revisions"}],"wp:featuredmedia":[{"embeddable":true,"href":"https:\/\/jms.com.bo\/mediamonitor\/wp-json\/wp\/v2\/media\/63466"}],"wp:attachment":[{"href":"https:\/\/jms.com.bo\/mediamonitor\/wp-json\/wp\/v2\/media?parent=63465"}],"wp:term":[{"taxonomy":"category","embeddable":true,"href":"https:\/\/jms.com.bo\/mediamonitor\/wp-json\/wp\/v2\/categories?post=63465"},{"taxonomy":"post_tag","embeddable":true,"href":"https:\/\/jms.com.bo\/mediamonitor\/wp-json\/wp\/v2\/tags?post=63465"}],"curies":[{"name":"wp","href":"https:\/\/api.w.org\/{rel}","templated":true}]}}