{"id":63473,"date":"2024-02-15T07:27:38","date_gmt":"2024-02-15T11:27:38","guid":{"rendered":"https:\/\/jms.com.bo\/mediamonitor\/2024\/02\/15\/olade-implementa-proyecto-que-promueve-la-educacion-en-eficiencia-energetica\/"},"modified":"2024-02-15T07:27:38","modified_gmt":"2024-02-15T11:27:38","slug":"olade-implementa-proyecto-que-promueve-la-educacion-en-eficiencia-energetica","status":"publish","type":"post","link":"https:\/\/jms.com.bo\/mediamonitor\/2024\/02\/15\/olade-implementa-proyecto-que-promueve-la-educacion-en-eficiencia-energetica\/","title":{"rendered":"Olade implementa proyecto que promueve la educaci\u00f3n en eficiencia energ\u00e9tica"},"content":{"rendered":"<p style=\"text-align: justify;\">En un paso importante para mejorar y promover las fuentes de energ\u00eda renovables y la eficiencia energ\u00e9tica en Am\u00e9rica Latina y el Caribe, el consorcio Etrela, liderado por Olade, implementa el proyecto en siete pa\u00edses: Argentina, Brasil, Colombia, Honduras, Per\u00fa, Rep\u00fablica Dominicana y Uruguay. La instancia se enfoca en el desarrollo de capacidades y la educaci\u00f3n, generando un efecto multiplicador que a futuro aportar\u00e1 con profesionales capaces de atender los retos que son inherentes a la transici\u00f3n energ\u00e9tica.<\/p>\n<p style=\"text-align: justify;\">Esta iniciativa, cuya segunda fase fue oficialmente presentada en Brasil, Colombia, Honduras y Rep\u00fablica Dominicana mediante eventos coordinados entre el consorcio, los Ministerios\/Secretar\u00edas de Energ\u00eda y las Embajadas de Alemania en cada pa\u00eds, ejecutar\u00e1 una serie de actividades como el equipamiento de centros demostrativos, cursos de formaci\u00f3n de capacitadores y generar\u00e1 espacios de discusi\u00f3n sobre est\u00e1ndares de calidad para la educaci\u00f3n en energ\u00edas renovables y eficiencia energ\u00e9tica en el pa\u00eds.<\/p>\n<p style=\"text-align: justify;\">En el evento realizado el 25 de enero de 2024 en Honduras, la embajadora de Alemania en Honduras, Daniela Fogl, explic\u00f3 que el proyecto es una respuesta a la necesidad general de educaci\u00f3n en el campo de las energ\u00edas renovables. \u00abTodos debemos trabajar para garantizar la sostenibilidad de nuestro planeta y el desarrollo econ\u00f3mico, que requiere cada d\u00eda m\u00e1s energ\u00eda\u00bb, afirm\u00f3. Subrayando la importancia de un pa\u00eds dedicado al sector verde, Vogl elogi\u00f3 el progreso positivo de Honduras en energ\u00eda renovable y destac\u00f3 la geograf\u00eda y los recursos del pa\u00eds para ayudar a promover proyectos sostenibles.<\/p>\n<p style=\"text-align: justify;\">Asimismo, el subsecretario de Energ\u00eda, Tom\u00e1s Rodr\u00edguez, reconoci\u00f3 la escala y los beneficios para Honduras del proyecto, que se enfoca en desarrollar capacidades humanas a trav\u00e9s de cursos, capacitaci\u00f3n en l\u00ednea y presencial y laboratorios. La Universidad Nacional Aut\u00f3noma de Honduras (UNAH) particip\u00f3 en el proyecto a trav\u00e9s de su Facultad de Ingenier\u00eda y contribuy\u00f3 a su desarrollo.<\/p>\n<p style=\"text-align: justify;\">En el evento desarrollado el 02 de febrero de 2024 en la Rep\u00fablica Dominicana, la embajadora de Alemania en Rep\u00fablica Dominicana, Maike Friedrichsen, resalt\u00f3 la exitosa colaboraci\u00f3n energ\u00e9tica de larga data entre ambos pa\u00edses, destacando un nuevo proyecto conjunto que asume la responsabilidad de impulsar las energ\u00edas m\u00e1s sostenibles en la regi\u00f3n. La diplom\u00e1tica indic\u00f3 que este compromiso se materializa a trav\u00e9s de un portafolio de proyectos respaldados por la cooperaci\u00f3n t\u00e9cnica y financiera de Alemania, destinados a fortalecer la infraestructura para las energ\u00edas renovables en Rep\u00fablica Dominicana.<\/p>\n<p style=\"text-align: justify;\">Finalmente, la directora de Integraci\u00f3n, Acceso y Seguridad Energ\u00e9tica de Olade, Gloria Alvarenga, enfatiz\u00f3 durante su participaci\u00f3n en estos eventos que la transici\u00f3n energ\u00e9tica requiere de expertos tecnol\u00f3gicamente capacitados y calificados para enfrentar los desaf\u00edos que plantea la innovaci\u00f3n y las nuevas tecnolog\u00edas. Asimismo, destac\u00f3 el efecto positivo que las actividades de este proyecto tendr\u00e1n a futuro y c\u00f3mo esto es parte de las acciones que lleva a cabo Olade como aporte al desarrollo sostenible del sistema energ\u00e9tico en los pa\u00edses de la regi\u00f3n.<\/p>\n","protected":false},"excerpt":{"rendered":"<p>En un paso importante para mejorar y promover las fuentes de energ\u00eda renovables y la eficiencia energ\u00e9tica en Am\u00e9rica Latina y el Caribe, el consorcio Etrela, liderado por Olade, implementa el proyecto en siete pa\u00edses: Argentina, Brasil, Colombia, Honduras, Per\u00fa, Rep\u00fablica Dominicana y Uruguay. La instancia se enfoca en el desarrollo de capacidades y la [&hellip;]<\/p>\n","protected":false},"author":4,"featured_media":63474,"comment_status":"open","ping_status":"closed","sticky":false,"template":"","format":"standard","meta":{"footnotes":""},"categories":[39,44,48],"tags":[],"class_list":{"0":"post-63473","1":"post","2":"type-post","3":"status-publish","4":"format-standard","5":"has-post-thumbnail","7":"category-energia","8":"category-portada-energia","9":"category-portada-general-sitio"},"_links":{"self":[{"href":"https:\/\/jms.com.bo\/mediamonitor\/wp-json\/wp\/v2\/posts\/63473","targetHints":{"allow":["GET"]}}],"collection":[{"href":"https:\/\/jms.com.bo\/mediamonitor\/wp-json\/wp\/v2\/posts"}],"about":[{"href":"https:\/\/jms.com.bo\/mediamonitor\/wp-json\/wp\/v2\/types\/post"}],"author":[{"embeddable":true,"href":"https:\/\/jms.com.bo\/mediamonitor\/wp-json\/wp\/v2\/users\/4"}],"replies":[{"embeddable":true,"href":"https:\/\/jms.com.bo\/mediamonitor\/wp-json\/wp\/v2\/comments?post=63473"}],"version-history":[{"count":0,"href":"https:\/\/jms.com.bo\/mediamonitor\/wp-json\/wp\/v2\/posts\/63473\/revisions"}],"wp:featuredmedia":[{"embeddable":true,"href":"https:\/\/jms.com.bo\/mediamonitor\/wp-json\/wp\/v2\/media\/63474"}],"wp:attachment":[{"href":"https:\/\/jms.com.bo\/mediamonitor\/wp-json\/wp\/v2\/media?parent=63473"}],"wp:term":[{"taxonomy":"category","embeddable":true,"href":"https:\/\/jms.com.bo\/mediamonitor\/wp-json\/wp\/v2\/categories?post=63473"},{"taxonomy":"post_tag","embeddable":true,"href":"https:\/\/jms.com.bo\/mediamonitor\/wp-json\/wp\/v2\/tags?post=63473"}],"curies":[{"name":"wp","href":"https:\/\/api.w.org\/{rel}","templated":true}]}}