{"id":63483,"date":"2024-02-16T06:38:25","date_gmt":"2024-02-16T10:38:25","guid":{"rendered":"https:\/\/jms.com.bo\/mediamonitor\/2024\/02\/16\/hay-1-400-millones-de-ninos-sin-proteccion-social-basica\/"},"modified":"2024-02-16T06:38:25","modified_gmt":"2024-02-16T10:38:25","slug":"hay-1-400-millones-de-ninos-sin-proteccion-social-basica","status":"publish","type":"post","link":"https:\/\/jms.com.bo\/mediamonitor\/2024\/02\/16\/hay-1-400-millones-de-ninos-sin-proteccion-social-basica\/","title":{"rendered":"Hay 1.400 millones de ni\u00f1os sin protecci\u00f3n social b\u00e1sica"},"content":{"rendered":"<p style=\"text-align: justify;\">Unos 1.400 millones de ni\u00f1os menores de 15 a\u00f1os carecen de cualquier forma de protecci\u00f3n social, por lo que son m\u00e1s vulnerables a las enfermedades, la desnutrici\u00f3n y la pobreza, indica un informe publicado por la Organizaci\u00f3n Internacional del Trabajo (OIT), el Fondo de las Naciones Unidas para la Infancia (UNICEF) y la ONG Save the Children.<\/p>\n<p style=\"text-align: justify;\">Seg\u00fan el estudio, menos del 10% de los padres en los pa\u00edses de rentas m\u00e1s bajas tienen acceso a prestaciones por hijo a cargo, cuando en los de renta alta el porcentaje ronda el 85%.<\/p>\n<p style=\"text-align: justify;\">OIT, UNICEF y Save the Children defienden que estas prestaciones son esenciales para reducir la pobreza, acceder a la atenci\u00f3n sanitaria, la nutrici\u00f3n y la educaci\u00f3n, entre otras necesidades b\u00e1sicas.<\/p>\n<p style=\"text-align: justify;\">A nivel global, hubo un modesto aumento en el acceso a las prestaciones por hijo, desde el 20% en 2009 al 28,1% en 2023.<\/p>\n<p style=\"text-align: justify;\">Las regiones donde el porcentaje aument\u00f3 en mayor medida, sin superar a\u00fan el 50%, son Latinoam\u00e9rica (que pas\u00f3 en esos 14 a\u00f1os de una cobertura del 30,8% al 41,9%), Oriente Medio y Magreb (del 22,7% al 32,5%) y Asia Meridional (del 9,2% al 24,3%).<\/p>\n<p style=\"text-align: justify;\">El porcentaje m\u00e1s bajo actualmente por regiones se da en \u00c1frica Occidental y Central (11,8%), y el m\u00e1s alto en Norteam\u00e9rica (84%) y Europa Occidental (93,2%).<\/p>\n<p style=\"text-align: justify;\">\u201cEn todo el mundo hay 333 millones de ni\u00f1os que viven en la pobreza extrema, luchando por sobrevivir con menos de 2,15 d\u00f3lares al d\u00eda, y casi mil millones de ni\u00f1os que viven en la pobreza multidimensional. Al ritmo actual, alcanzar los Objetivos de Desarrollo Sostenible est\u00e1 fuera de nuestro alcance\u201d, admite UNICEF.<\/p>\n<p style=\"text-align: justify;\">Las tres organizaciones hicieron un llamamiento a los gobiernos para que garanticen que todos los ni\u00f1os est\u00e1n cubiertos por mecanismos de protecci\u00f3n social incluidas las prestaciones universales por hijos a cargo.<\/p>\n<p style=\"text-align: justify;\">EN LA REGI\u00d3N<\/p>\n<p style=\"text-align: justify;\">En Sudam\u00e9rica, el porcentaje de cobertura de prestaciones por hijo a cargo es bajo en varios pa\u00edses. Ecuador (29,2%), Paraguay (21,1%) y Per\u00fa (14.4%) son los que tienen los registros m\u00e1s bajos.<\/p>\n<p style=\"text-align: justify;\">En cambio, Argentina (87,8%), Brasil 65,9%) y Bolivia (62,8%) son los pa\u00edses que mayor cobertura presentan, seg\u00fan el estudio publicado por OIT.<\/p>\n<p style=\"text-align: justify;\">En el continente, Canada y Estados Unidos son lo que tienen las mayores coberturas, con el 100% y 82,4%, respectivamente.<\/p>\n","protected":false},"excerpt":{"rendered":"<p>Unos 1.400 millones de ni\u00f1os menores de 15 a\u00f1os carecen de cualquier forma de protecci\u00f3n social, por lo que son m\u00e1s vulnerables a las enfermedades, la desnutrici\u00f3n y la pobreza, indica un informe publicado por la Organizaci\u00f3n Internacional del Trabajo (OIT), el Fondo de las Naciones Unidas para la Infancia (UNICEF) y la ONG Save [&hellip;]<\/p>\n","protected":false},"author":4,"featured_media":63484,"comment_status":"open","ping_status":"closed","sticky":false,"template":"","format":"standard","meta":{"footnotes":""},"categories":[53],"tags":[],"class_list":{"0":"post-63483","1":"post","2":"type-post","3":"status-publish","4":"format-standard","5":"has-post-thumbnail","7":"category-salud"},"_links":{"self":[{"href":"https:\/\/jms.com.bo\/mediamonitor\/wp-json\/wp\/v2\/posts\/63483","targetHints":{"allow":["GET"]}}],"collection":[{"href":"https:\/\/jms.com.bo\/mediamonitor\/wp-json\/wp\/v2\/posts"}],"about":[{"href":"https:\/\/jms.com.bo\/mediamonitor\/wp-json\/wp\/v2\/types\/post"}],"author":[{"embeddable":true,"href":"https:\/\/jms.com.bo\/mediamonitor\/wp-json\/wp\/v2\/users\/4"}],"replies":[{"embeddable":true,"href":"https:\/\/jms.com.bo\/mediamonitor\/wp-json\/wp\/v2\/comments?post=63483"}],"version-history":[{"count":0,"href":"https:\/\/jms.com.bo\/mediamonitor\/wp-json\/wp\/v2\/posts\/63483\/revisions"}],"wp:featuredmedia":[{"embeddable":true,"href":"https:\/\/jms.com.bo\/mediamonitor\/wp-json\/wp\/v2\/media\/63484"}],"wp:attachment":[{"href":"https:\/\/jms.com.bo\/mediamonitor\/wp-json\/wp\/v2\/media?parent=63483"}],"wp:term":[{"taxonomy":"category","embeddable":true,"href":"https:\/\/jms.com.bo\/mediamonitor\/wp-json\/wp\/v2\/categories?post=63483"},{"taxonomy":"post_tag","embeddable":true,"href":"https:\/\/jms.com.bo\/mediamonitor\/wp-json\/wp\/v2\/tags?post=63483"}],"curies":[{"name":"wp","href":"https:\/\/api.w.org\/{rel}","templated":true}]}}