{"id":63487,"date":"2024-02-16T06:42:12","date_gmt":"2024-02-16T10:42:12","guid":{"rendered":"https:\/\/jms.com.bo\/mediamonitor\/2024\/02\/16\/sindicatos-medicos-ratifican-paro-de-48-horas-contra-la-jubilacion-obligatoria-a-los-65-anos\/"},"modified":"2024-02-16T06:42:12","modified_gmt":"2024-02-16T10:42:12","slug":"sindicatos-medicos-ratifican-paro-de-48-horas-contra-la-jubilacion-obligatoria-a-los-65-anos","status":"publish","type":"post","link":"https:\/\/jms.com.bo\/mediamonitor\/2024\/02\/16\/sindicatos-medicos-ratifican-paro-de-48-horas-contra-la-jubilacion-obligatoria-a-los-65-anos\/","title":{"rendered":"Sindicatos m\u00e9dicos ratifican paro de 48 horas contra la jubilaci\u00f3n obligatoria a los 65 a\u00f1os"},"content":{"rendered":"<p style=\"text-align: justify;\">La Federaci\u00f3n de Sindicatos de Ramas M\u00e9dicas de Salud P\u00fablica (Fesirmes) ratific\u00f3 el paro de 48 horas para el mi\u00e9rcoles y jueves, 21 y 22 de febrero, en demanda de que la Asamblea Legislativa deseche la iniciativa de declarar la jubilaci\u00f3n a los 65 a\u00f1os.<\/p>\n<p style=\"text-align: justify;\">Los representantes m\u00e9dicos se reunieron con parlamentarios para tratar este tema, pero no llegaron a un acuerdo, por lo cual ratificaron la medida de presi\u00f3n.<\/p>\n<p style=\"text-align: justify;\">Los m\u00e9dicos exigen que se retire la Disposici\u00f3n Adicional \u00danica del proyecto de reforma a la Ley de Pensiones. El mismo se\u00f1ala que los trabajadores deben jubilarse a los 65 a\u00f1os, a menos que soliciten expresamente realizarse un estudio m\u00e9dico para evaluar su estado de salud.<\/p>\n<p style=\"text-align: justify;\">Sectores como el de salud y del magisterio rechazan la jubilaci\u00f3n a los 65 a\u00f1os, porque consideran que es una discriminaci\u00f3n hacia personas que pueden seguir ejerciendo su trabajo.<\/p>\n<p style=\"text-align: justify;\">El Gobierno neg\u00f3 que se trate de una jubilaci\u00f3n forzosa, sino que est\u00e1 sujeta al examen de salud. Sin embargo, los m\u00e9dicos consideran que ser\u00e1n declarados \u201cdiscapacitados\u201d mediante la evaluaci\u00f3n que plantea el proyecto de ley.<\/p>\n<p style=\"text-align: justify;\">Asimismo, Ren\u00e9 Cazas, ejecutivo nacional de Fesirmes, advirti\u00f3 tambi\u00e9n que de aprobarse esa jubilaci\u00f3n los empleadores optar\u00e1n por deshacerse de las personas que mayores de 65 a\u00f1os para contratar a otras personas son sueldos menores.<\/p>\n<p style=\"text-align: justify;\">Ra\u00fal Hevia, dirigente de Santa Cruz, consider\u00f3 que los legisladores se \u201cahogan en un vaso de agua\u201d, porque lo \u00fanico que piden los m\u00e9dicos es quitar la deposici\u00f3n sobre la jubilaci\u00f3n a los 65 a\u00f1os.<\/p>\n","protected":false},"excerpt":{"rendered":"<p>La Federaci\u00f3n de Sindicatos de Ramas M\u00e9dicas de Salud P\u00fablica (Fesirmes) ratific\u00f3 el paro de 48 horas para el mi\u00e9rcoles y jueves, 21 y 22 de febrero, en demanda de que la Asamblea Legislativa deseche la iniciativa de declarar la jubilaci\u00f3n a los 65 a\u00f1os. Los representantes m\u00e9dicos se reunieron con parlamentarios para tratar este [&hellip;]<\/p>\n","protected":false},"author":4,"featured_media":63488,"comment_status":"open","ping_status":"closed","sticky":false,"template":"","format":"standard","meta":{"footnotes":""},"categories":[49],"tags":[],"class_list":{"0":"post-63487","1":"post","2":"type-post","3":"status-publish","4":"format-standard","5":"has-post-thumbnail","7":"category-social"},"_links":{"self":[{"href":"https:\/\/jms.com.bo\/mediamonitor\/wp-json\/wp\/v2\/posts\/63487","targetHints":{"allow":["GET"]}}],"collection":[{"href":"https:\/\/jms.com.bo\/mediamonitor\/wp-json\/wp\/v2\/posts"}],"about":[{"href":"https:\/\/jms.com.bo\/mediamonitor\/wp-json\/wp\/v2\/types\/post"}],"author":[{"embeddable":true,"href":"https:\/\/jms.com.bo\/mediamonitor\/wp-json\/wp\/v2\/users\/4"}],"replies":[{"embeddable":true,"href":"https:\/\/jms.com.bo\/mediamonitor\/wp-json\/wp\/v2\/comments?post=63487"}],"version-history":[{"count":0,"href":"https:\/\/jms.com.bo\/mediamonitor\/wp-json\/wp\/v2\/posts\/63487\/revisions"}],"wp:featuredmedia":[{"embeddable":true,"href":"https:\/\/jms.com.bo\/mediamonitor\/wp-json\/wp\/v2\/media\/63488"}],"wp:attachment":[{"href":"https:\/\/jms.com.bo\/mediamonitor\/wp-json\/wp\/v2\/media?parent=63487"}],"wp:term":[{"taxonomy":"category","embeddable":true,"href":"https:\/\/jms.com.bo\/mediamonitor\/wp-json\/wp\/v2\/categories?post=63487"},{"taxonomy":"post_tag","embeddable":true,"href":"https:\/\/jms.com.bo\/mediamonitor\/wp-json\/wp\/v2\/tags?post=63487"}],"curies":[{"name":"wp","href":"https:\/\/api.w.org\/{rel}","templated":true}]}}