{"id":63491,"date":"2024-02-16T06:45:12","date_gmt":"2024-02-16T10:45:12","guid":{"rendered":"https:\/\/jms.com.bo\/mediamonitor\/2024\/02\/16\/pobladores-de-yapacani-bloquean-y-demandan-a-diputados-y-senadores-aprobar-credito-para-la-carretera-faja-norte\/"},"modified":"2024-02-16T06:45:12","modified_gmt":"2024-02-16T10:45:12","slug":"pobladores-de-yapacani-bloquean-y-demandan-a-diputados-y-senadores-aprobar-credito-para-la-carretera-faja-norte","status":"publish","type":"post","link":"https:\/\/jms.com.bo\/mediamonitor\/2024\/02\/16\/pobladores-de-yapacani-bloquean-y-demandan-a-diputados-y-senadores-aprobar-credito-para-la-carretera-faja-norte\/","title":{"rendered":"Pobladores de Yapacan\u00ed bloquean y demandan a diputados y senadores aprobar cr\u00e9dito para la carretera Faja Norte"},"content":{"rendered":"<p style=\"text-align: justify;\">Al finalizar el primer d\u00eda de bloqueo de la ruta Santa Cruz \u2013 Cochabamba, pobladores de Yapacan\u00ed exigieron a diputados y senadores reflexionar y aprobar el proyecto de Ley 255 de cr\u00e9dito externo para el financiamiento del asfaltado de la carretera Faja Norte, uno de nueve proyectos estancados en su tratamiento en el Legislativo.<\/p>\n<p style=\"text-align: justify;\">Tambi\u00e9n descartaron en una entrevista con Bolivia Tv que la protesta responsa a una falta de combustible, como -denunciaron- pretenden hacer ver legisladores del ala de Evo Morales que, junto a la oposici\u00f3n en el Legislativo, bloquean el tratamiento y aprobaci\u00f3n de cr\u00e9ditos que superan los $us 800 millones.<\/p>\n<p style=\"text-align: justify;\">\u201cEl bloqueo es por la aprobaci\u00f3n del proyecto de Ley 255 para el asfaltado de la carretera Faja Norte, es en contra de aquellos parlamentarios que se niegan a tratar y aprobar el proyecto carretero de m\u00e1s de $us 56 millones de inversi\u00f3n\u201d, afirm\u00f3 el presidente del Comit\u00e9 de Bloqueo, Zenobio Meneses.<\/p>\n<p style=\"text-align: justify;\">El proyecto carretero es una demanda de hace m\u00e1s de 20 a\u00f1os, y beneficiar\u00e1 a 75 comunidades con una amplia vocaci\u00f3n productiva.<\/p>\n<p style=\"text-align: justify;\">\u201cNosotros queremos la carretera, pedimos a los diputados y senadores sesionar y aprobar el cr\u00e9dito, queremos que respeten los acuerdos y honren su palabra\u201d, acot\u00f3 el dirigente en alusi\u00f3n al acuerdo pol\u00edtico que viabilizaba la ley de elecciones judiciales, la aprobaci\u00f3n de cr\u00e9ditos externos y el tratamiento de las leyes de cesaci\u00f3n de pr\u00f3rroga de mandato de los magistrados y la suspensi\u00f3n de plazos procesales.<\/p>\n<p style=\"text-align: justify;\">El ministro de Obras P\u00fablicas, Edgar Monta\u00f1o, demand\u00f3 a los diputados y senadores aprobar en la Asamblea Legislativa Plurinacional el proyecto de ley para el asfaltado de la carretera Faja Norte y reproch\u00f3 a pobladores de Yapacan\u00ed por instalar el bloqueo.<\/p>\n<p style=\"text-align: justify;\">\u201cEste proyecto de ley no es de ahora, es del a\u00f1o pasado, tuvieron el tiempo necesario para sancionarla. Pedimos al ala radical evista y camachistas que cumplan con sus compromisos, porque esto tendr\u00e1 consecuencias para la econom\u00eda nacional\u201d, advirti\u00f3.<\/p>\n<p style=\"text-align: justify;\">La carretera Faja Norte tiene una inversi\u00f3n gestionada por el Gobierno de $us 56 millones, a trav\u00e9s de Fonplata, pese a que la obra es de competencia departamental.<\/p>\n<p style=\"text-align: justify;\">El Legislativo tiene pendientes de aprobaci\u00f3n nueve proyectos de ley por al menos $us 825 millones en cr\u00e9ditos, para encarar diferentes proyectos de inversi\u00f3n.<\/p>\n","protected":false},"excerpt":{"rendered":"<p>Al finalizar el primer d\u00eda de bloqueo de la ruta Santa Cruz \u2013 Cochabamba, pobladores de Yapacan\u00ed exigieron a diputados y senadores reflexionar y aprobar el proyecto de Ley 255 de cr\u00e9dito externo para el financiamiento del asfaltado de la carretera Faja Norte, uno de nueve proyectos estancados en su tratamiento en el Legislativo. Tambi\u00e9n [&hellip;]<\/p>\n","protected":false},"author":4,"featured_media":63492,"comment_status":"open","ping_status":"closed","sticky":false,"template":"","format":"standard","meta":{"footnotes":""},"categories":[49],"tags":[],"class_list":{"0":"post-63491","1":"post","2":"type-post","3":"status-publish","4":"format-standard","5":"has-post-thumbnail","7":"category-social"},"_links":{"self":[{"href":"https:\/\/jms.com.bo\/mediamonitor\/wp-json\/wp\/v2\/posts\/63491","targetHints":{"allow":["GET"]}}],"collection":[{"href":"https:\/\/jms.com.bo\/mediamonitor\/wp-json\/wp\/v2\/posts"}],"about":[{"href":"https:\/\/jms.com.bo\/mediamonitor\/wp-json\/wp\/v2\/types\/post"}],"author":[{"embeddable":true,"href":"https:\/\/jms.com.bo\/mediamonitor\/wp-json\/wp\/v2\/users\/4"}],"replies":[{"embeddable":true,"href":"https:\/\/jms.com.bo\/mediamonitor\/wp-json\/wp\/v2\/comments?post=63491"}],"version-history":[{"count":0,"href":"https:\/\/jms.com.bo\/mediamonitor\/wp-json\/wp\/v2\/posts\/63491\/revisions"}],"wp:featuredmedia":[{"embeddable":true,"href":"https:\/\/jms.com.bo\/mediamonitor\/wp-json\/wp\/v2\/media\/63492"}],"wp:attachment":[{"href":"https:\/\/jms.com.bo\/mediamonitor\/wp-json\/wp\/v2\/media?parent=63491"}],"wp:term":[{"taxonomy":"category","embeddable":true,"href":"https:\/\/jms.com.bo\/mediamonitor\/wp-json\/wp\/v2\/categories?post=63491"},{"taxonomy":"post_tag","embeddable":true,"href":"https:\/\/jms.com.bo\/mediamonitor\/wp-json\/wp\/v2\/tags?post=63491"}],"curies":[{"name":"wp","href":"https:\/\/api.w.org\/{rel}","templated":true}]}}