{"id":63493,"date":"2024-02-16T06:47:12","date_gmt":"2024-02-16T10:47:12","guid":{"rendered":"https:\/\/jms.com.bo\/mediamonitor\/2024\/02\/16\/benianos-amenazan-el-censo-por-42-comunidades-del-tipnis-que-seran-registradas-en-cochabamba\/"},"modified":"2024-02-16T06:47:12","modified_gmt":"2024-02-16T10:47:12","slug":"benianos-amenazan-el-censo-por-42-comunidades-del-tipnis-que-seran-registradas-en-cochabamba","status":"publish","type":"post","link":"https:\/\/jms.com.bo\/mediamonitor\/2024\/02\/16\/benianos-amenazan-el-censo-por-42-comunidades-del-tipnis-que-seran-registradas-en-cochabamba\/","title":{"rendered":"Benianos amenazan el Censo por 42 comunidades del Tipnis que ser\u00e1n registradas en Cochabamba"},"content":{"rendered":"<p style=\"text-align: justify;\">A 36 d\u00edas para la realizaci\u00f3n del Censo Nacional de Poblaci\u00f3n y Vivienda el conflicto por l\u00edmites no se termina en el pa\u00eds. Beni expres\u00f3 su descontento, este jueves, y se opone a que 42 comunidades del Territorio Ind\u00edgena y Parque Nacional Isiboro-S\u00e9cure (Tipnis), sean registradas en el departamento de Cochabamba el pr\u00f3ximo 23 de marzo, fecha de la gran encuesta.<\/p>\n<p style=\"text-align: justify;\">En una reuni\u00f3n interinstitucional, que se celebr\u00f3 en el Cabildo Indigenal de San Ignacio de Moxos, en esta jornada, los benianos expresaron su descontento al viceministro de Autonom\u00edas, \u00c1lvaro Ruiz y al director del INE, Humberto Arandia, que asistieron para explicar los l\u00edmites, entre ambos departamentos.<\/p>\n<p style=\"text-align: justify;\">Las explicaciones de Ruiz no convencieron. Fue abucheado y termin\u00f3 su exposici\u00f3n sin una respuesta afirmativa por parte de las autoridades. En alg\u00fan momento, dijo que hubo barra local en su contra, seg\u00fan el gobernador, Alejandro Unzueta.<\/p>\n<p style=\"text-align: justify;\">La autoridad departamental en su intervenci\u00f3n explic\u00f3 que la Ley 846, primero debe ser abrogada para que la cartograf\u00eda sea la de hace 12 a\u00f1os (2012), cuando las mismas comunidades, que ahora ser\u00e1n registradas en Cochabamba, fueron censadas en el departamento de Beni.<\/p>\n<p style=\"text-align: justify;\">\u201cBeni no deber\u00eda censarse, si nosotros primero no delimitamos bien, esa Ley clandestina, 846\u201d, dijo Unzueta. El gobernador increp\u00f3 al viceministro Ru\u00edz indicando: \u201cla pelea de los benianos no es pol\u00edtica como usted dice, es territorial y voy a morir de pie por mi departamento\u201d, asever\u00f3.<\/p>\n<p style=\"text-align: justify;\">La mencionada norma (Ley 846), que fue promulgada en 2016 modifica una parte de los l\u00edmites entre Cochabamba y Santa Cruz; sin embargo, esa demarcaci\u00f3n llega hasta un punto de territorio tripartito, que recorta territorio beniano (en la provincia Marb\u00e1n) en favor de Cochabamba.<\/p>\n<p style=\"text-align: justify;\">\u201cNos cercenan 1.496.000 hect\u00e1reas, unos 112.000 kil\u00f3metros cuadrados\u201d, explic\u00f3 Unzueta. El gobernador beniano record\u00f3 que despu\u00e9s de la marcha de 2011 por la defensa del Tipnis, se firm\u00f3 una ley (un a\u00f1o despu\u00e9s) que declara este territorio como intangible, pero resulta, que ahora esa zona est\u00e1 siendo deforestada por cocaleros.<\/p>\n<p style=\"text-align: justify;\">Precis\u00f3 que, desde la comunidad Sant\u00edsima Trinidad hasta San Jos\u00e9 del Angosto, existen asentamientos de cocaleros. \u201cEstos se\u00f1ores (ind\u00edgenas) una vez que el INE de Cochabamba entr\u00f3 y les dijo que la Ley 846 enmarcaba la territorialidad del Tipnis para ese departamento, fueron amedrentados y por eso vinieron a buscar a su gobernador\u201d, asegur\u00f3.<\/p>\n<p style=\"text-align: justify;\">Por su parte, el presidente del Comit\u00e9 C\u00edvico de Beni, Hugo Aponte, amenaz\u00f3 con un paro en caso de que no se abrogue la mencionada norma 846. \u201cSi tenemos que ir a un cabildo para que todo el pueblo beniano se levante, lo vamos hacer. Si no se abroga la Ley 846 el Beni se para, eso d\u00edgale al presidente\u201d, advirti\u00f3.<\/p>\n<p style=\"text-align: justify;\">Cuarto intermedio hasta este viernes<\/p>\n<p style=\"text-align: justify;\">Al no existir consenso por el tema lim\u00edtrofe, las autoridades determinaron un cuarto intermedio para instalar mesas t\u00e9cnicas en Sal\u00f3n de las Banderas de la Gobernaci\u00f3n de Beni. Las exposiciones tem\u00e1ticas comenzar\u00e1n a las 9:30 en la capital beniana.<\/p>\n","protected":false},"excerpt":{"rendered":"<p>A 36 d\u00edas para la realizaci\u00f3n del Censo Nacional de Poblaci\u00f3n y Vivienda el conflicto por l\u00edmites no se termina en el pa\u00eds. Beni expres\u00f3 su descontento, este jueves, y se opone a que 42 comunidades del Territorio Ind\u00edgena y Parque Nacional Isiboro-S\u00e9cure (Tipnis), sean registradas en el departamento de Cochabamba el pr\u00f3ximo 23 de [&hellip;]<\/p>\n","protected":false},"author":4,"featured_media":63494,"comment_status":"open","ping_status":"closed","sticky":false,"template":"","format":"standard","meta":{"footnotes":""},"categories":[20],"tags":[],"class_list":{"0":"post-63493","1":"post","2":"type-post","3":"status-publish","4":"format-standard","5":"has-post-thumbnail","7":"category-actualidad"},"_links":{"self":[{"href":"https:\/\/jms.com.bo\/mediamonitor\/wp-json\/wp\/v2\/posts\/63493","targetHints":{"allow":["GET"]}}],"collection":[{"href":"https:\/\/jms.com.bo\/mediamonitor\/wp-json\/wp\/v2\/posts"}],"about":[{"href":"https:\/\/jms.com.bo\/mediamonitor\/wp-json\/wp\/v2\/types\/post"}],"author":[{"embeddable":true,"href":"https:\/\/jms.com.bo\/mediamonitor\/wp-json\/wp\/v2\/users\/4"}],"replies":[{"embeddable":true,"href":"https:\/\/jms.com.bo\/mediamonitor\/wp-json\/wp\/v2\/comments?post=63493"}],"version-history":[{"count":0,"href":"https:\/\/jms.com.bo\/mediamonitor\/wp-json\/wp\/v2\/posts\/63493\/revisions"}],"wp:featuredmedia":[{"embeddable":true,"href":"https:\/\/jms.com.bo\/mediamonitor\/wp-json\/wp\/v2\/media\/63494"}],"wp:attachment":[{"href":"https:\/\/jms.com.bo\/mediamonitor\/wp-json\/wp\/v2\/media?parent=63493"}],"wp:term":[{"taxonomy":"category","embeddable":true,"href":"https:\/\/jms.com.bo\/mediamonitor\/wp-json\/wp\/v2\/categories?post=63493"},{"taxonomy":"post_tag","embeddable":true,"href":"https:\/\/jms.com.bo\/mediamonitor\/wp-json\/wp\/v2\/tags?post=63493"}],"curies":[{"name":"wp","href":"https:\/\/api.w.org\/{rel}","templated":true}]}}